{"id":601,"date":"2021-03-19T20:04:19","date_gmt":"2021-03-19T18:04:19","guid":{"rendered":"http:\/\/www.armoria.info\/actualizaciones\/?p=601"},"modified":"2021-03-19T20:33:47","modified_gmt":"2021-03-19T18:33:47","slug":"la-heraldica-y-las-piezas-honorables","status":"publish","type":"post","link":"https:\/\/www.armoria.info\/actualizaciones\/la-heraldica-y-las-piezas-honorables\/","title":{"rendered":"LA HERALDICA Y LAS PIEZAS HONORABLES"},"content":{"rendered":"\n<figure class=\"wp-block-table\"><table><tbody><tr><td><img decoding=\"async\" src=\"https:\/\/armoria.info\/actualizaciones\/wp-content\/uploads\/2021\/03\/252BPalosdeAragon.jpg\"><a href=\"https:\/\/armoria.info\/actualizaciones\/wp-content\/uploads\/2021\/03\/252BPalosdeAragon.jpg\" target=\"_blank\" rel=\"noopener\"><\/a><\/td><\/tr><tr><td><em>Labra her\u00e1ldica con los palos de Arag\u00f3n, adoptados por todos los reinos y territorios<\/em><br><em>que formaron la Corona de Arag\u00f3n. Procede del desaparecido palacio<\/em><br><em>de la Diputaci\u00f3n del reino de Arag\u00f3n.<\/em>&nbsp;Museo de Zaragoza<\/td><\/tr><\/tbody><\/table><\/figure>\n\n\n\n<p><strong><em>La her\u00e1ldica en sus inicios<\/em><\/strong><\/p>\n\n\n\n<p>La her\u00e1ldica no es ninguna cosa creada por y puesta en curso de una manera oficial. Como muchas otras manifestaciones de la cultura, la her\u00e1ldica tiene sus or\u00edgenes en los siglos primitivos.\u201d As\u00ed encabeza Manel Bassa i Armengol su&nbsp;<em>Tratado de Her\u00e1ldica<\/em>.&nbsp;&nbsp;Uno de los tratadistas mejor considerados en Catalunya, y sigue con gran maestr\u00eda:<\/p>\n\n\n\n<p>Se sabe que las ense\u00f1as eran muy corrientes entre los egipcios, que pon\u00edan las efigies de sus \u00eddolos encima de una pica y servian para reunir a los miembros de una extensa familia a la cual pertenec\u00edan.<\/p>\n\n\n\n<p>El uso de una bandera o pend\u00f3n improvisado, es decir, con forma de escudo con su divisa colgando de una pica o lanza para distinguir a un grupo, se puede ver en un mosaico de Pompeya, el de la batalla de Issos, ocurrida el a\u00f1o 359 antes de Cristo, entre Alejandro y Dario.<\/p>\n\n\n\n<p>No naci\u00f3, como algunos [Tratadistas] han dicho, a principio del X. Lo que sucedi\u00f3 fue que en el siglo XII o XIII fue el descubrimiento de la forma de nombrar concretamente a un individuo, y con este medio tan poderoso se dej\u00f3 de ser simplemente miembro de una determinado linaje o de una familia.<\/p>\n\n\n\n<p>En aumentar la personalidad individual apareci\u00f3 tambi\u00e9n la forma her\u00e1ldica expresada gr\u00e1ficamente, es decir la se\u00f1al propia que precisaba quienes eran los m\u00e9ritos de determinados individuos. Despu\u00e9s cada pueblo ha ido encuadrando y adaptando dentro lo que es hoy d\u00eda la her\u00e1ldica, dentro de su peculiar cultura, sus creencias y costumbres.<\/p>\n\n\n\n<p>En primer lugar los signos o emblemas representativos fueron pint\u00e1ndose en las banderas y los pendones, al pecho tambi\u00e9n, sobre les vestiduras de los guerreros, en las gualdrapas de los caballos, pintados en las paredes, labrados encima de la puerta de su casa proclamando de esta manera, qui\u00e9n era el propietario.<\/p>\n\n\n\n<p>Despu\u00e9s vino la necesidad m\u00e1s que la costumbre de pintarlos sobre los escudos de defensa y ataque de los guerreros y caballeros, generaliz\u00e1ndose su uso, el escudo de armas, m\u00e1s que utensilio defensivo, pasa a significar el ideal portador de las armas her\u00e1ldicas, incluso lo llevaba el escudero proclamando qui\u00e9n era su se\u00f1or.<\/p>\n\n\n\n<figure class=\"wp-block-table\"><table><tbody><tr><td><img decoding=\"async\" src=\"https:\/\/armoria.info\/actualizaciones\/wp-content\/uploads\/2021\/03\/252Bnobiliario_vero100.jpg\"><a href=\"https:\/\/armoria.info\/actualizaciones\/wp-content\/uploads\/2021\/03\/252Bnobiliario_vero100.jpg\" target=\"_blank\" rel=\"noopener\"><\/a><\/td><\/tr><tr><td><em>Reproducci\u00f3n de una p\u00e1gina del<\/em>&nbsp;\u00abNobiliario Vero\u00bb,&nbsp;<em>compuesto<\/em><br><em>&nbsp;por Fernando Mexia, uno de los primeros incunables sobre<\/em><br><em>her\u00e1ldica espa\u00f1ola. Impreso en Sevilla en el 1492<\/em><\/td><\/tr><\/tbody><\/table><\/figure>\n\n\n\n<p>El escudo, no tuvo en sus inicios una forma determinada e incipiente, se le encuentra, situado, cuando sus armas representativas, en un campo sin soluci\u00f3n de continuidad, posteriormente tom\u00f3 la forma caracter\u00edstica y tradicional, la cual, seg\u00fan la costumbre de la \u00e9poca se le encuentra redondo, rectangular, cuadrado y con otros dise\u00f1os. En los cuales se le pintaba las se\u00f1ales her\u00e1ldicas escogidas.<\/p>\n\n\n\n<p>\u201cLa proliferaci\u00f3n de emblemas her\u00e1ldicos que se efect\u00faa en toda Europa a partir del siglo XIII, llev\u00f3 a la necesidad de multiplicar las particiones, piezas y figuras con sus correspondientes esmaltes. Los Heraldos, Persevantes y Reyes de Armas ser\u00edan los encargados de velar por el respeto y cumplimiento de las leyes her\u00e1ldicas y en especial por impedir que alguien tomara como propio un blas\u00f3n perteneciente a un determinado linaje, pero ser\u00eda imposible evitar que un determinado dise\u00f1o fuera copiado por otros muchos, variando las proporciones, esmaltes y colores o combinaciones de figuras, llevados por su af\u00e1n de parecerse a los linajes m\u00e1s importantes de cada zona o regi\u00f3n.\u201d (Cfr.&nbsp;<em>Tractat General de Her\u00e0ldica<\/em>, Manuel Bassa i Armengol).<\/p>\n\n\n\n<h2 class=\"wp-block-heading\"><strong><em>Las piezas her\u00e1ldicas<\/em><\/strong><\/h2>\n\n\n\n<p>Seg\u00fan algunos, en el comienzo los dibujos de piezas del blas\u00f3n, fue un fen\u00f3meno solitario, con el tiempo se aceptaron de otras, dibuj\u00e1ndose encima de ellas, aprovechando su forma genuina, respetando siempre las leyes her\u00e1ldicas que prohiben poner metal sobre metal y color sobre color, s\u00f3lo en contadas ocasiones y de forma espec\u00edfica y con las debidas licencias de los Reyes de Armas se romp\u00eda esta sagrada Ley.<\/p>\n\n\n\n<p>Los estudiosos de la Her\u00e1ldica discrepan y no se ponen de acuerdo al establecer la cantidad de piezas honorables, que se aceptan, si bien alg\u00fan tratadista espa\u00f1ol, nos da una regla precisa. Y pone un poco orden al anarquismo her\u00e1ldico en cuanto a sus piezas honorables.<\/p>\n\n\n\n<p>Toda figura her\u00e1ldica que se coloca en el campo del escudo, ocupan una parte de su \u00e1rea teniendo dimensiones concretas y determinadas, su posici\u00f3n est\u00e1 reglamentada. Generalmente salvo excepciones, no deben tocar el borde del escudo y, si el campo es de metal, tienen que ser de color y viceversa. Excepto las figuras naturales, artificiales o quim\u00e9ricas.<\/p>\n\n\n\n<h2 class=\"wp-block-heading\"><strong><em>Piezas honorables<\/em><\/strong><\/h2>\n\n\n\n<p>Las piezas hay que clasificarlas en piezas honorables o de primer orden: jefe, palo, faja, cruz, banda, aspa, cabr\u00edo o chevron, bordura, orla, perla, campa\u00f1a, jir\u00f3n, punta, pila, trechor, cant\u00f3n derecho e izquierdo, franco cuartel, escus\u00f3n, lambel.<\/p>\n\n\n\n<p>Piezas de segundo orden u ordinaria: losanjes, plumas, puntos equipolados, ajedrezados, fretes, bezantes, roeles, fusos, macles, rustros, billetes, danteles, papelonado.<\/p>\n\n\n\n<p>Piezas disminuidas: Comprende las piezas de primer y segundo orden que han sufrido una disminuci\u00f3n en su anchura: comble, vara, ce\u00f1idor, tri\u00e1ngulo burela, gemela, tercias, filiera, lazo, tenaza, cotiza, bast\u00f3n, traversa. Piezas compuestas o combinadas: Son las piezas formadas o combinadas con otras, pero con caracter\u00edsticas propias, como: banda-faja, barra-faja, bordura-banda, cant\u00f3n-banda, cabeza-banda, cruz-banda, faja-semipalo. Existen compuestas o ordinarias que se incluyen en el grupo de piezas honorables como la cruz, perla, sotuer y chevron.<\/p>\n\n\n\n<p>Estas piezas se conced\u00edan a los nobles que recib\u00edan heridas en los campos de batalla. Si el herido era ya noble o caballero y ya era propietario de blas\u00f3n, en ocasiones lo cambiaba o a\u00f1ad\u00eda a sus antiguas armas nuevas piezas principales: Para se\u00f1alar una herida en la cabeza, a\u00f1ad\u00eda un jefe cosido o de distinto color o esmalte o lo cargaba de otra pieza; si la herida era en las piernas pon\u00eda una cabria; si terminaba la batalla con las armas, espada, acha, lanza o porra, etc. y su cota de malla te\u00f1idas de sangre de sus enemigos, a\u00f1ad\u00eda una cruz o una bordura a sus armas y si ya pose\u00eda bordura, se la cambiaba o cargaba de nuevas piezas.<\/p>\n\n\n\n<figure class=\"wp-block-table\"><table><tbody><tr><td><img decoding=\"async\" src=\"https:\/\/armoria.info\/actualizaciones\/wp-content\/uploads\/2021\/03\/252BMs1557252Cconfec1568enpapel.jpg\"><a href=\"http:\/\/3.bp.blogspot.com\/-P0ab_PgphtU\/TmwtDE9BG3I\/AAAAAAAAAwc\/iN1ZABJfWQM\/s1600\/%252BMs+1557%252C+confec+1568+en+papel.jpg\" target=\"_blank\" rel=\"noopener\"><\/a><\/td><\/tr><tr><td><em>Manuscrito ingl\u00e9s del a\u00f1o 1568, confeccionado en papel<\/em><br><em>e iluminado a mano<\/em><\/td><\/tr><\/tbody><\/table><\/figure>\n\n\n\n<h2 class=\"wp-block-heading\"><strong><em>Relaci\u00f3n de piezas honorables m\u00e1s usadas<\/em><\/strong><\/h2>\n\n\n\n<h3 class=\"wp-block-heading\"><em><strong>Bordura<\/strong><\/em><\/h3>\n\n\n\n<p>La bordura: Pieza de primer orden que rodea el campo del escudo por su interior tiene por ancho la sexta parte del mismo. Puede adoptar variadas formas como la bordura componada, bordura denticulada, bordura de piezas, cortada, cuartelada, escacada, jironada, en perla, partida y terciada. Pieza de primer orden. Su uso fue muy empleado en la Edad Media para representar en un blas\u00f3n un segundo linaje por casamiento o diferenciar las armas dentro de las distintas ramas. <\/p>\n\n\n\n<p>Los reyes de Espa\u00f1a la concedieron por particular merced, como se conoce en muchas familias de los diferentes reinos espa\u00f1oles y europeos. Puede decirse que la bordura constituye en ocasiones una brisura, es decir, pieza de distinci\u00f3n entre las armas de un matrimonio para con sus hijos, otorg\u00e1ndoles a cada uno una bordura de distinto esmalte. Es s\u00edmbolo de protecci\u00f3n, favor y recompensa, antiguamente representaba, seg\u00fan alg\u00fan autor, a la cota de armas del caballero. En Espa\u00f1a fue la m\u00e1s usada, nientras que en Europa apenas tuvo repercusi\u00f3n.<\/p>\n\n\n\n<p>Bordura componada: Es la bordura formada por compones. En Espa\u00f1a se usaban los compones cuadrados y se ponen hasta veinte compones. Se suelen poner siete compones para la banda y barra, seis para el palo y cinco para la faja. Los franceses y belgas frecuentan poner hasta diecis\u00e9is compones; pero su forma es algo diferenciada resultante de dos palos y dos fajas cruzados, partiendo de los cuatro \u00e1ngulos.<\/p>\n\n\n\n<p>Bordura de piezas: Bordura formada por piezas sueltas, que deben pintarse del mismo esmalte que la pieza principal del escudo. Es la bordura por excelencia catalana denominada \u00abbordura de peces\u00bb, donde las borduras suelen ser llanas sin carga her\u00e1ldica alguna y tienen como funci\u00f3n diferenciar una rama de un linaje y no la de distinguir a un individuo. Su n\u00famero oscila entre los seis u ocho piezas, incluso hasta las doce. Tambi\u00e9n adoptada por algunos linajes aragoneses descendientes de familias catalanas.<\/p>\n\n\n\n<figure class=\"wp-block-table\"><table><tbody><tr><td><img decoding=\"async\" src=\"https:\/\/armoria.info\/actualizaciones\/wp-content\/uploads\/2021\/03\/252BBorduraendentada.Geltru.jpg\"><a href=\"http:\/\/3.bp.blogspot.com\/-YJf3uu0FvQc\/TmwukuNRNJI\/AAAAAAAAAwg\/5XYj17ifbxg\/s1600\/%252BBordura+endentada.+Geltru.jpg\" target=\"_blank\" rel=\"noopener\"><\/a><\/td><\/tr><tr><td><em>Escudo con bordura endentada perteneciente al linaje catal\u00e1n de los Geltr\u00fa, en la puerta<\/em><br><em>&nbsp;de acceso&nbsp;<\/em><em>de su castillo, en la ciudad de Vilanova i la Geltr\u00fa (Barcelona)<\/em><\/td><\/tr><\/tbody><\/table><\/figure>\n\n\n\n<p>Bordura denticulada: D\u00edcese de la bordura formada por los \u00e1ngulos agudos similares a una sierra. Es una pieza desconocida en la her\u00e1ldica castellana y francesa, sin embargo muy extendida en la armer\u00eda catalana, desde donde pas\u00f3 a Arag\u00f3n y Navarra, se halla documentada en \u00e9sta en libros de armer\u00eda del siglo XIII. (V. Denticulado).<\/p>\n\n\n\n<p>Bordura endentada: Bordura formada por angulos agudos, usada en la her\u00e1ldica catalanoaragonesa. Es preciso distinguirla de la denticulada en que tiene los dientes m\u00e1s peque\u00f1os. (V. Endentado-a).<\/p>\n\n\n\n<p>Bordura cortada: D\u00edcese de la bordura dividida en dos secciones, siguiendo la disposici\u00f3n de un escudo cortado.<\/p>\n\n\n\n<h3 class=\"wp-block-heading\"><em><strong>La Campa\u00f1a<\/strong><\/em><\/h3>\n\n\n\n<p>Campa\u00f1a:&nbsp;Pieza de primer orden, que se coloca de forma horizontal en la parte inferior del blas\u00f3n, su anchura debe ser el de una tercera parte del mismo, seg\u00fan algunos tratadistas, un cuarto de anchura. Tambi\u00e9n se le denomina \u201cbarba\u201d y \u201cpunta\u201d, forma empleada por los modernos heraldistas. Usada en la her\u00e1ldica catalana con el nombre de \u00abpeu\u00bb, t\u00e9rmino usado por Steve Tamborino y por Alonso de Torres (s. XV-XVI). Se conced\u00eda esta pieza a los guerreros que se distingu\u00edan en actos de valor durante una campa\u00f1a o guerra. Pieza desconocida en la her\u00e1ldica inglesa y excepcionalmente en la francesa. (V. Barba, punta).<\/p>\n\n\n\n<figure class=\"wp-block-table\"><table><tbody><tr><td><img decoding=\"async\" src=\"https:\/\/armoria.info\/actualizaciones\/wp-content\/uploads\/2021\/03\/252BJefe.Stadhuis.Holanda.jpg\"><a href=\"http:\/\/4.bp.blogspot.com\/-wdk6coniloA\/Tmwv1R3qpcI\/AAAAAAAAAwk\/Y4GqTqhPIwA\/s1600\/%252BJefe.+Stadhuis.+Holanda.jpg\" target=\"_blank\" rel=\"noopener\"><\/a><\/td><\/tr><tr><td><em>Jefe cargado de tres cornetas de gules, en un escudo de la ciudad<\/em><br><em>holandesa de Stadhuis (Holanda)<\/em><\/td><\/tr><\/tbody><\/table><\/figure>\n\n\n\n<h3 class=\"wp-block-heading\"><em><strong>El Jefe<\/strong><\/em><\/h3>\n\n\n\n<p><strong>Jefe<\/strong>:&nbsp;Pieza de primer orden que se coloca en la frente o parte superior del escudo horizontalmente, su esmalte debe de ser distinto al resto del escudo, tocando los dos \u00e1ngulos de ese lado. Debe ser su dimensi\u00f3n la tercera parte del escudo. El jefe puede ser bajado a otro jefe de concesi\u00f3n, patronato u religi\u00f3n, etc. Por esa causa los caballeros y comendadores de las Ordenes de San Juan o de Malta que llevan jefes en sus escudos los sit\u00faan debajo del jefe de su religi\u00f3n. Alg\u00fan tratadista lo denomina tambi\u00e9n jefe, a la parte superior de la flor de lis.<\/p>\n\n\n\n<p><strong>Jefe de concesi\u00f3n<\/strong>&nbsp;:Es el jefe concedido por gracia real para que sus armas puedan ser representadas en el escudo del que las posea. Tenemos los ejemplos del jefe de Arag\u00f3n y Catalu\u00f1a, de oro con cuatro palos de gules, el de Francia, de azur con tres flores de lis de oro.<\/p>\n\n\n\n<p><strong>Jefe en divisa<\/strong>: Pieza honorable disminuida. D\u00edcese de un jefe estrecho a una tercera parte de la anchura de la faja llamada divisa que se coloca en la parte alta del jefe. Lleva como se comprende distinto esmalte que el jefe.<\/p>\n\n\n\n<p><strong>Jefe aclarado<\/strong>:&nbsp;D\u00edcese del jefe que lleva huecos cuadrados que tocan los extremos superiores del jefe. (V. Aclarado, adjurado).<\/p>\n\n\n\n<figure class=\"wp-block-table\"><table><tbody><tr><td><img decoding=\"async\" src=\"https:\/\/armoria.info\/actualizaciones\/wp-content\/uploads\/2021\/03\/252Bfaja_alzada__Igl.Ritter-Kapelle.villa_de_hasurt01.jpg\"><a href=\"http:\/\/4.bp.blogspot.com\/-G_azCEcqvbE\/TmwwjmOOx8I\/AAAAAAAAAwo\/YDmaBRMIIlk\/s1600\/%252Bfaja_alzada__Igl.+Ritter-Kapelle.+villa_de_hasurt01.jpg\" target=\"_blank\" rel=\"noopener\"><\/a><\/td><\/tr><tr><td><em>Faja alzada, en un escudo labrado en un friso de la iglesia de Ritter-Kapelle,<\/em><br><em>en la localidad de Hasurt (Alemania)<\/em><\/td><\/tr><\/tbody><\/table><\/figure>\n\n\n\n<h3 class=\"wp-block-heading\"><em><strong>La Faja<\/strong><\/em><\/h3>\n\n\n\n<p><strong>Faja<\/strong>:&nbsp;Pieza honorable de primer orden que se coloca horizontalmente en el centro del escudo, ocupa un tercio del escudo. Simbolog\u00eda: Simboliza el ce\u00f1idor que tra\u00eda el caballero en la cintura y que sol\u00eda adoptarse por divisa.<\/p>\n\n\n\n<figure class=\"wp-block-table\"><table><tbody><tr><td><img decoding=\"async\" src=\"https:\/\/armoria.info\/actualizaciones\/wp-content\/uploads\/2021\/03\/252BFajado.Barbera.Cap_.C.Cat_.deBCN_.Faja.jpg\"><a href=\"http:\/\/2.bp.blogspot.com\/-p5NG2UfAf54\/TmyGB5ySUMI\/AAAAAAAAAxE\/Bj6jab5SegA\/s1600\/%252BFajado.+Barbera.+Cap.+C.+Cat.+de+BCN.+Faja.jpg\" target=\"_blank\" rel=\"noopener\"><\/a><\/td><\/tr><tr><td><em>Escudo fajado del linaje barcelon\u00e9s de los Barber\u00e0, en una capilla<\/em><br><em>del claustro de la catedral de Barcelona.<\/em>&nbsp;S. XIV<\/td><\/tr><\/tbody><\/table><\/figure>\n\n\n\n<p><strong>Fajado<\/strong>:&nbsp;&nbsp;Cuando el blas\u00f3n contiene seis fajas, tres de metal y tres de color, hasta diez se considera en her\u00e1ldica fajado. Es necesario indicarlo pudiendo ser pares e impares. Cuando son diez las fajas que llenan el escudo pasa \u00e9ste a ser burelado. Tambi\u00e9n se dice de la Figura que contiene una faja o varias de ellas. Tambi\u00e9n dicho de cualquier animal, generalmente el le\u00f3n que lleva una faja o varias de ellas.<\/p>\n\n\n\n<p><strong>Faja reversada<\/strong>:&nbsp;Faja cuya posici\u00f3n se halla curvada hacia la punta. T\u00e9rmino empleado por algunos heraldistas antiguos. (V. Faja curvada).<\/p>\n\n\n\n<p><strong>Faja jaquelada<\/strong>: Faja formada por jaqueles o escaques.<\/p>\n\n\n\n<p><strong>Faja ondeada<\/strong>:&nbsp;Faja formada por ondulaciones.<\/p>\n\n\n\n<figure class=\"wp-block-table\"><table><tbody><tr><td><img decoding=\"async\" src=\"https:\/\/armoria.info\/actualizaciones\/wp-content\/uploads\/2021\/03\/252BPalo.jpg\"><a href=\"http:\/\/2.bp.blogspot.com\/-25MpvLfvNS0\/Tmx-2OvzJKI\/AAAAAAAAAws\/wa2d_3pNi7U\/s1600\/%252BPalo.jpg\" target=\"_blank\" rel=\"noopener\"><\/a><\/td><\/tr><tr><td><em>Palo cargado con tres aspas o sotuers. Escudo de la ciudad<\/em><br><em>de Amsterdam, en un edificio de la misma ciudad<\/em><\/td><\/tr><\/tbody><\/table><\/figure>\n\n\n\n<h3 class=\"wp-block-heading\"><em><strong>El Palo<\/strong><\/em><\/h3>\n\n\n\n<p><strong>El Palo<\/strong>:&nbsp;Pieza honorable de primer orden, su anchura es de la tercera parte del campo.&nbsp;El Palo es la cuarta pieza de nuestra her\u00e1ldica, tras la Bordura, la Banda y la Faja. Si se dan varios Palos van todos coloreados del mismo esmalte, prohibi\u00e9ndose expresamente,&nbsp;&nbsp;&nbsp;dibujar palos de diferentes esmaltes dentro de un mismo cuartel del escudo. Simboliza, seg\u00fan algunos tratadistas, la lanza del caballero y las estacas que formaban las empalizadas que cercaban los campamentos y palenques, por esta causa se conced\u00eda al guerrero que romp\u00eda la estacada del enemigo. Tambi\u00e9n simboliza el cetro del soberano o la columna del templo.<\/p>\n\n\n\n<p><strong>Palo cargado<\/strong>:&nbsp;Es el Palo de color cargado de otro palo disminuido de metal.<\/p>\n\n\n\n<p><strong>Palos de Arag\u00f3n<\/strong>:&nbsp;Llamados err\u00f3neamente por algunos barras de Arag\u00f3n y Catalunya. Son el s\u00edmbolo de los caballeros que derrocharon heroismo derramando su sangre en la defensa de alguna causa noble.<\/p>\n\n\n\n<figure class=\"wp-block-table\"><table><tbody><tr><td><img decoding=\"async\" src=\"https:\/\/armoria.info\/actualizaciones\/wp-content\/uploads\/2021\/03\/473px-Escudo_de_Crevillent_svg.png\"><a href=\"https:\/\/armoria.info\/actualizaciones\/wp-content\/uploads\/2021\/03\/473px-Escudo_de_Crevillent_svg.png\" target=\"_blank\" rel=\"noopener\"><\/a><\/td><\/tr><tr><td><em>Palos de Arag\u00f3n. Escudo municipal de la ciudad de Crevillent<\/em><\/td><\/tr><\/tbody><\/table><\/figure>\n\n\n\n<p><strong>Palos flamantes<\/strong>:&nbsp;Dicho por algunos autores a los palos ondeados y piramidales en forma de llamas.<\/p>\n\n\n\n<p><strong>Palo banda<\/strong>:&nbsp;Pieza que compone de la uni\u00f3n del palo y la banda.<\/p>\n\n\n\n<p><strong>Palo barra<\/strong>:&nbsp;Es el resultado de la uni\u00f3n del palo y la barra.<\/p>\n\n\n\n<p><strong>Palo pie<\/strong>:&nbsp;Pieza que se compone de la uni\u00f3n del palo y la cruz.<\/p>\n\n\n\n<p><strong>Palo semibanda<\/strong>:&nbsp;Es el resultado de la uni\u00f3n y la mitad inferior de la banda.<\/p>\n\n\n\n<p><strong>Palo semibarra<\/strong>:&nbsp;Pieza compuesta y resultante de la uni\u00f3n del palo y la mitad superior de la barra.<\/p>\n\n\n\n<p><strong>Palo semifaja<\/strong>:&nbsp;Es la composici\u00f3n resultante de la uni\u00f3n del palo y la mitad superior de la barra.<\/p>\n\n\n\n<figure class=\"wp-block-table\"><table><tbody><tr><td><img decoding=\"async\" src=\"https:\/\/armoria.info\/actualizaciones\/wp-content\/uploads\/2021\/03\/Banda.Ing_.ArmsDr.CharlesMitchell252CBenefactordelMarischalCollegeAberdeen.jpg\"><a href=\"http:\/\/2.bp.blogspot.com\/-KPSOL6S5WUw\/TmyAMMcIlqI\/AAAAAAAAAw0\/DS6QNB5n_Vc\/s1600\/Banda.+Ing.+Arms+Dr.+Charles+Mitchell%252C+Benefactor+del+Marischal+College+Aberdeen..jpg\" target=\"_blank\" rel=\"noopener\"><\/a><\/td><\/tr><tr><td><em>Banda, en el escudo del Dr. Charles Mitchell, benefactor<\/em><br><em>del Marischal College Aberdeen (Inglaterra)<\/em><\/td><\/tr><\/tbody><\/table><\/figure>\n\n\n\n<h3 class=\"wp-block-heading\"><em>La Banda y sus variantes<\/em><\/h3>\n\n\n\n<p>Pieza honorable de primer orden que atraviesa en diagonal el escudo desde su \u00e1ngulo derecho superior al \u00e1ngulo izquierdo inferior y su anchura es un tercio del escudo. si sobrepasa de la cantidad de cuatro se las denomina cotizas. Las figuras que se dice puestas en banda, hay que situarlas en la diagonal propia de la banda.<\/p>\n\n\n\n<p>La banda si&nbsp;&nbsp;sobrepasa de la cantidad de cuatro se le denomina cotizas.<\/p>\n\n\n\n<p>La banda significa el tahal\u00ed que los caballeros llevaban la espada, y con m\u00e1s propiedad la banda que tra\u00edan por divisa del hombro diestro al flanco siniestro para distinguirse en las cruzadas, por la variedad de ej\u00e9rcitos de naciones que a ellas concurr\u00edan los espa\u00f1oles la usaban de color rojo.<\/p>\n\n\n\n<p><strong>Banda angrelada<\/strong>:&nbsp;Banda formada por bordes los exteriores terminados muescas. (V. Angrelado, Angrelado).<\/p>\n\n\n\n<p><strong>Banda bretesada<\/strong>:&nbsp;Dicho de la banda compuesta de almenas en ambos lados y que coinciden en la forma.<\/p>\n\n\n\n<p><strong>Banda contrabretesada<\/strong>:&nbsp;Dicho de la banda compuesta de almenas en ambos lados y que no coinciden en la forma.<\/p>\n\n\n\n<p><strong>Banda componada<\/strong>: Se dice de la banda divida o formada por compones. (V. Componado, Bordura componada).<\/p>\n\n\n\n<p><strong>Banda contracargada<\/strong>:&nbsp;Banda formada por contracargas.<\/p>\n\n\n\n<p><strong>Banda contracuartelada<\/strong>:&nbsp;Es la banda formada por el contrario cuarteles.<\/p>\n\n\n\n<p><strong>Banda cortada<\/strong>:&nbsp;Dicho de la banda que se halla cortada por la parte central, alternada de color y metal.<\/p>\n\n\n\n<p><strong>Banda jaquelada<\/strong>:&nbsp;Se dice de la banda formada por jaqueles o escaques. (V. Ajedrezado, Escaqueado, jaquelado).&nbsp;<\/p>\n\n\n\n<p><strong>Banda partida<\/strong>:&nbsp;Dicho de la banda que se halla partida por su parte central, alternada de color y metal.<\/p>\n\n\n\n<p><strong>Banda tajada<\/strong>:&nbsp;Dicho de la banda que se halla tajada por su parte central, alternada de color y metal.<\/p>\n\n\n\n<p><strong>Banda tronchada<\/strong>:&nbsp;Dicho de la banda que se halla tronchada por su parte central, alternada de color y metal. (V. Tronchado: www.armoria.info).<\/p>\n\n\n\n<p><strong>Banda vibrada<\/strong>:&nbsp;Banda representada en forma de dientes triangulares.<\/p>\n\n\n\n<p><strong>Banda-faja<\/strong>:&nbsp;Pieza que es el resultado de la uni\u00f3n de la banda y la faja.<\/p>\n\n\n\n<p><strong>Banda-semifaja<\/strong>:&nbsp;Pieza que resulta de la uni\u00f3n de la banda y la mitad siniestra de la faja<\/p>\n\n\n\n<p><strong>Banda-semipalo<\/strong>:&nbsp;Pieza que resulta de la uni\u00f3n de la banda y la mitad inferior del palo.<\/p>\n\n\n\n<h3 class=\"wp-block-heading\"><em>La Cotiza<\/em><\/h3>\n\n\n\n<p>Pieza honorable disminuida. Banda estrecha o disminuida de primer grado, reducida a la mitad de su anchura, algunos heraldistas son de la opini\u00f3n, que tiene que ser la tercera parte a la banda o 1\/9 del ancho del blas\u00f3n. Puede llamarse cotizado cuando el campo del escudo se halla compuesto de diez cotizas, cinco de metal y cinco de color. De ser n\u00famero superior es preciso indicarlo. Las figuras y muebles tambi\u00e9n pueden ser cotizados. D\u00edcese tambi\u00e9n de la faja, banda, barra, palo, chevron, cruz son acostados por dos cotizas, colocadas entre dos cotizas, una a cada lado.<\/p>\n\n\n\n<h3 class=\"wp-block-heading\"><em>La Banda geminada<\/em><\/h3>\n\n\n\n<p>Son aquellas bandas que aparecen divididas en tres partes, la superior e inferior de un esmalte distinto a la del campo del escudo y la de en medio del mismo esmalte que \u00e9ste, ocupando las tres el mismo ancho que una banda normal. No se deben de confundir con una banda cotizada, o cargada con una cotiza, pues en el caso de las gemelas el espacio comprendido entre ellas es del mismo esmalte que el campo del escudo. As\u00ed en el primer caso se combinan tres esmaltes: el del campo, el de la banda y el de la cotiza; mientras que en el segundo s\u00f3lo son dos esmaltes: el del campo y el de las dos gemelas. Hemos encontrados escudos con una, dos y tres bandas geminadas.<\/p>\n\n\n\n<h3 class=\"wp-block-heading\"><em>La Banda trigeminada<\/em><\/h3>\n\n\n\n<p>Son aquellas bandas que aparecen divididas en cinco piezas paralelas, las impares de distinto color que el campo del escudo y las pares del mismo, ocupando esta pieza el mismo ancho que una banda normal.<\/p>\n\n\n\n<figure class=\"wp-block-table\"><table><tbody><tr><td><img decoding=\"async\" src=\"https:\/\/armoria.info\/actualizaciones\/wp-content\/uploads\/2021\/03\/252BBandaBertran.-Cl.Cat_.deBcn_.Banda.jpg\"><a href=\"http:\/\/2.bp.blogspot.com\/--0QLxakaQYo\/TmyCrhx_5FI\/AAAAAAAAAw4\/Gy1TBS8NCF8\/s1600\/%252BBanda+Bertran.+-+Cl.+Cat.+de+Bcn.+Banda.jpg\" target=\"_blank\" rel=\"noopener\"><\/a><\/td><\/tr><tr><td><em>Filete. Banda fileteada en el escudo del linaje barcelon\u00e9s de lo Bertran o Beltr\u00e1n<\/em><br><em>en una capilla del claustro de la catedral de Barcelona.<\/em>&nbsp;S. XIV<\/td><\/tr><\/tbody><\/table><\/figure>\n\n\n\n<h3 class=\"wp-block-heading\"><em>El Filete<\/em><\/h3>\n\n\n\n<p>Pieza honorable disminuida. Dicho de la pieza que perfila a otra, puede situarse en banda, orla faja, o en cruz. Algunos autores antiguos la llaman&nbsp;<em>borde<\/em>&nbsp;o&nbsp;<em>bordadas<\/em>.<\/p>\n\n\n\n<h3 class=\"wp-block-heading\"><em>La Traversa<\/em><\/h3>\n\n\n\n<p>Es el filete recortado a un quinto de la longitud de una banda normal.&nbsp;Pieza disminuida llamada tambi\u00e9n&nbsp;<em>Bast\u00f3n de Pery,&nbsp;<\/em>equivalente a un bast\u00f3n de forma abcisa su longitud debe medir en su reducci\u00f3n a la quinta parte. Se coloca en el abismo del campo en posici\u00f3n de banda o barra, se le denomina entonces&nbsp;<em>traversa en banda<\/em>&nbsp;o&nbsp;<em>traversa en barra<\/em>, esta \u00faltima se refiere a la bastard\u00eda. Alg\u00fan tratadista la llama&nbsp;<em>barreta.<\/em><\/p>\n\n\n\n<figure class=\"wp-block-table\"><table><tbody><tr><td><img decoding=\"async\" src=\"https:\/\/armoria.info\/actualizaciones\/wp-content\/uploads\/2021\/03\/252Bbarra_-_villadepietrabbondate252C_molise__italia.jpg\"><a href=\"http:\/\/4.bp.blogspot.com\/-cYRuvyjutnk\/TmyG7m6tk6I\/AAAAAAAAAxI\/0EPJs2DW_Eg\/s1600\/%252Bbarra_-_villa+de+pietrabbondate%252C_molise__italia.jpg\" target=\"_blank\" rel=\"noopener\"><\/a><\/td><\/tr><tr><td><em>Barra. Escudo situado en la puerta de acceso a un palacio italiano,<\/em><br><em>ubicado en la localidad de Pietrabondante. Molise<\/em>&nbsp;(Italia)<\/td><\/tr><\/tbody><\/table><\/figure>\n\n\n\n<h3 class=\"wp-block-heading\"><em>La Barra y sus variaciones<\/em><\/h3>\n\n\n\n<p>Pieza honorable o de primer orden que atraviesa diagonalmente el escudo desde el \u00e1ngulo izquierdo superior al \u00e1ngulo derecho inferior. Su anchura debe de ocupar un tercio del escudo. Las barras si su n\u00famero supera el de cuatro se las denomina listas o escudo listado. Se dice que son puestos en barra las figuras y muebles, puestas en diagonal propia de la barra. Algunos tratadistas la llaman&nbsp;<em>contrabanda&nbsp;<\/em>equivocadamente.<\/p>\n\n\n\n<p><strong>Barra de Bastard\u00eda<\/strong>.&nbsp;Pieza honorable disminuida, menor que el tercio del escudo, que a diferencia de la barra se coloca como la banda, de derecha a izquierda. Sobre cualquier escudo personal o el flanco cuartel de una familia, sirve como otros signos her\u00e1ldicos para distinguir la rama bastarda del apellido de la leg\u00edtima.<\/p>\n\n\n\n<p><strong>Barra-faja<\/strong>:&nbsp;Pieza que se compone de la uni\u00f3n de la barra y la faja.<\/p>\n\n\n\n<p><strong>Barra-pie<\/strong>: Dicho de la pieza que se compone de la uni\u00f3n de la barra y el pie.<\/p>\n\n\n\n<p><strong>Barra-semifajada<\/strong>:&nbsp;Es el resultado de la uni\u00f3n de la barra y la mitad siniestra de la faja.<\/p>\n\n\n\n<p><strong>Barreta<\/strong>:&nbsp;D\u00edcese del bast\u00f3n en barra, que es la disminuci\u00f3n de la contracotiza. La barreta es una divisa que s\u00f3lo se emplea para los bastardos por ser pieza disminuida de la barra. Llaman tambi\u00e9n a esta pieza traversa.<\/p>\n\n\n\n<figure class=\"wp-block-table\"><table><tbody><tr><td><img decoding=\"async\" src=\"https:\/\/armoria.info\/actualizaciones\/wp-content\/uploads\/2021\/03\/cruilles02_-_palau_epis.jpg\"><a href=\"http:\/\/2.bp.blogspot.com\/-FGytDgA0GQw\/TmyHlmVs3NI\/AAAAAAAAAxM\/GELMEu2YYWA\/s1600\/cruilles02_-_palau_epis.jpg\" target=\"_blank\" rel=\"noopener\"><\/a><\/td><\/tr><tr><td><em>Sarc\u00f3fago de un caballero de la casa de Cru\u00eflles, sembrado<\/em><br><em>de crucetas en su pav\u00e9s y l\u00f3riga. Museo Episcopal de Girona<\/em><\/td><\/tr><\/tbody><\/table><\/figure>\n\n\n\n<h2 class=\"wp-block-heading\"><em>Las piezas derivadas<\/em><\/h2>\n\n\n\n<h3 class=\"wp-block-heading\"><em>La Cruz<\/em><\/h3>\n\n\n\n<p>Existe controversia entre los heraldistas si se debe considerar si se trata de una pieza o un mueble her\u00e1ldico. La considero como pieza honorable, no en vano se hallan en Espa\u00f1a 905 escudos contabilizados con esta pieza, siendo Navarra el Reino la que destaca en cuanto al n\u00famero de cruces.<\/p>\n\n\n\n<p>Pieza honorable que resulta de la uni\u00f3n del palo y la faja. Hay una variedad extensa de cruces, aunque la forma m\u00e1s generalizada en las armor\u00edas hispanas es la denominaci\u00f3n de&nbsp;<em>cruz plena<\/em>&nbsp;cuando sus cuatro extremos tocan los bordes del escudo y&nbsp;<em>cruz abcisa<\/em>, cuando \u00e9stos no tocan ning\u00fan borde. Tambi\u00e9n los objetos pueden ser colocados en forma de cruz. Simboliza: El \u00e1rbol de la vida o el camino para llegar a la suprema divinidad. (V. Cruces).<\/p>\n\n\n\n<p><strong>Cruceta<\/strong>:&nbsp;D\u00edcese de cruces de peque\u00f1as dimensiones. 2. Cruz de peque\u00f1as dimensiones que siembran un escudo.<\/p>\n\n\n\n<p><strong>Cruz de Santa Tecla<\/strong>:&nbsp;Cruz en forma de tao. Adoptada como emblema por la catedral de Tarragona.&nbsp;(V. Tao).<\/p>\n\n\n\n<figure class=\"wp-block-table\"><table><tbody><tr><td><img decoding=\"async\" src=\"https:\/\/armoria.info\/actualizaciones\/wp-content\/uploads\/2021\/03\/252BCruzpatriarcal.OrdenSantoSepulcro.jpg\"><a href=\"http:\/\/2.bp.blogspot.com\/-qJlJJxsYX7A\/TmyJBLf1jUI\/AAAAAAAAAxQ\/wqnAuNzHJ8I\/s1600\/%252BCruz+patriarcal.+Orden+Santo+Sepulcro.jpg\" target=\"_blank\" rel=\"noopener\"><\/a><\/td><\/tr><tr><td><em>Cruz patriarcal hendida y fijada de la antigua Orden del Santo Sepulcro,<\/em><br><em>en la iglesia de la poblaci\u00f3n aragonesa de Tobed<\/em>&nbsp;(Zaragoza)<br><a href=\"http:\/\/www.aragonmudejar.com\/\" target=\"_blank\" rel=\"noopener\">www.aragonmudejar.com<\/a><\/td><\/tr><\/tbody><\/table><\/figure>\n\n\n\n<p><strong>Cruz patriarcal<\/strong>:&nbsp;Cruz formada por dos travesa\u00f1os el superior mas corto el inferior atravesados por otro vertical. (Ver Cruz de Lorena).<\/p>\n\n\n\n<p><strong>Cruz ancorada<\/strong>:&nbsp;Cruz en la que sus extremos se separan y acaban en forma de \u00e1ncora.<\/p>\n\n\n\n<p><strong>Cruz ansada<\/strong>&nbsp;Se dice de la cruz egipcia con asa en el extremo superior. Llamada tambi\u00e9n \u00abankh\u201d.<\/p>\n\n\n\n<p><strong>Cruz de Alc\u00e1ntara<\/strong>:&nbsp;Cruz de sinople y flordelisada. Adoptada por la Orden Militar de Alc\u00e1ntara.<\/p>\n\n\n\n<figure class=\"wp-block-table\"><table><tbody><tr><td><img decoding=\"async\" src=\"https:\/\/armoria.info\/actualizaciones\/wp-content\/uploads\/2021\/03\/252Bcruzdecalvario.jpg\"><a href=\"http:\/\/1.bp.blogspot.com\/-Z8H4xUwLUeU\/TmyKFzJo5sI\/AAAAAAAAAxU\/M94zADJIXHU\/s1600\/%252Bcruz+de+calvario.jpg\" target=\"_blank\" rel=\"noopener\"><\/a><\/td><\/tr><tr><td><em>Cruz de Calvario<\/em><\/td><\/tr><\/tbody><\/table><\/figure>\n\n\n\n<p><strong>Cruz de Calatrava<\/strong>:&nbsp;Cruz de gules, flordelisada. Adoptada por la Orden de Calatrava<\/p>\n\n\n\n<p><strong>Cruz de Calvario<\/strong>.&nbsp;Se suele presentar escalonada con tres o m\u00e1s escalones o sobre un mont\u00edculo, con una corona y tres clavos, o bien solamente sobre un mont\u00edculo, con una corona y tres clavos.<\/p>\n\n\n\n<p><strong>Cruz de Caravaca<\/strong>:&nbsp;&nbsp;Cruz patriarcal de dos brazos el superior m\u00e1s corto que el inferior. sostenida por dos angelitos uno a cada lado. Llamada por algunos Cruz Patriarcal. (V. Cruz Patriarcal).<\/p>\n\n\n\n<p><strong>Cruz de Montesa<\/strong>:&nbsp;Cruz de sable flordelisada cargada de una cruz llana de gules. Adoptada por la Orden de Montesa.<\/p>\n\n\n\n<p><strong>Cruz de Jerusal\u00e9n<\/strong>&nbsp;Se dice de la cruz potenzada y cantonada de cuatro cruces de menor tama\u00f1o iguales a la anterior de oro, sobre campo de plata. Representa el reino de Jerusal\u00e9n.<\/p>\n\n\n\n<p><strong>Cruz de San Andr\u00e9s<\/strong>:&nbsp;Cruz formada por dos travesa\u00f1os puestos en aspa.<\/p>\n\n\n\n<p><strong>Cruz de Santiago<\/strong>:&nbsp;Cruz de gules de forma aguzada o fijada los dos extremos centrales flordelisados y el superior toma la forma de una lanza. Cruz adoptada por la Orden de Santiago.<\/p>\n\n\n\n<p><strong>Cruz flordelisada<\/strong>:&nbsp;Dicho de la cruz acabada en todos sus extremos en flores de lis.<br>Estas son las m\u00e1s usadas en las armorias hispanas, enumerar a todas excede a las posibilidades de este Blog.<\/p>\n\n\n\n<figure class=\"wp-block-table\"><table><tbody><tr><td><img decoding=\"async\" src=\"https:\/\/armoria.info\/actualizaciones\/wp-content\/uploads\/2021\/03\/Sotuer-andreu_bertran_-_palau_ep__girona.jpg\"><a href=\"http:\/\/3.bp.blogspot.com\/-VDD-YRnyIJI\/TnArOT0MsCI\/AAAAAAAAAxo\/gcyccmEqDss\/s1600\/Sotuer-+andreu_bertran_-_palau_ep__girona.jpg\" target=\"_blank\" rel=\"noopener\"><\/a><\/td><\/tr><tr><td><em>Blas\u00f3n del obispo Andreu Bertran, reproducido en el artesonado<\/em><br><em>&nbsp;del palau Episcopal de Girona.<\/em>&nbsp;S. XVII<\/td><\/tr><\/tbody><\/table><\/figure>\n\n\n\n<h3 class=\"wp-block-heading\"><em>El Sotuer<\/em><\/h3>\n\n\n\n<p>Pieza honorable compuesta de la banda y la barra cruzadas&nbsp;en el centro del escudo, con sus extremos tocando sus bordes, como una uni\u00f3n de la banda y de la barra, con una anchura de un tercio de la del escudo.&nbsp;&nbsp;En Espa\u00f1a los sotueres situados en las borduras se usan en recuerdo de los caballeros que se hallaron en la toma de la ciudad de Baeza.&nbsp;En her\u00e1ldica espa\u00f1ola el sotuer se dibuja siempre con trazos rectos y generalmente es de oro.<\/p>\n\n\n\n<figure class=\"wp-block-table\"><table><tbody><tr><td><img decoding=\"async\" src=\"https:\/\/armoria.info\/actualizaciones\/wp-content\/uploads\/2021\/03\/252BChevron.sapera_-_cat_de_bcn_-_nave.jpg\"><a href=\"http:\/\/4.bp.blogspot.com\/-Mxdbb6M83R8\/Tm3kac5VyCI\/AAAAAAAAAxc\/mSZTPODPEV4\/s1600\/%252BChevron.+sapera_-_cat_de_bcn_-_nave.jpg\" target=\"_blank\" rel=\"noopener\"><\/a><\/td><\/tr><tr><td><em>Labra her\u00e1ldica con el escudo del arzobispo de Zaragoza y posteriormente<\/em><br><em>de Barcelona, y Patriarca de Jerusal\u00e9n, en el muro de una capilla de la nave central<\/em><br><em>de la catedral de Barcelona.<\/em>&nbsp;S. XV.<\/td><\/tr><\/tbody><\/table><\/figure>\n\n\n\n<p><em><strong>La Cabria o Chevron<\/strong><\/em><\/p>\n\n\n\n<p>Pieza honorable de primer orden&nbsp;&nbsp;tiene forma de un comp\u00e1s abierto, cuyo v\u00e9rtice se sit\u00faa en el centro exacto del escudo y sus puntas en los \u00e1ngulos inferiores del blas\u00f3n. Su anchura es de un tercio de la que tiene el escudo. Tambi\u00e9n se admite que el v\u00e9rtice de \u00e9ste llegue al punto de honor con el del jefe. <\/p>\n\n\n\n<p>Esta pieza se halla muy extendida en las armorias francesas u europeas denomin\u00e1ndola en Francia con el nombre de&nbsp;<em>chevron<\/em>, reserv\u00e1ndola a las m\u00e1s nobles familias. Aparece muchas veces en los antiguos territorios de la Corona de Arag\u00f3n, donde su uso fue muy prol\u00edfico, no ocurri\u00f3 lo mismo en la her\u00e1ldica castellana donde no tuvo casi trascendencia.<\/p>\n\n\n\n<figure class=\"wp-block-table\"><table><tbody><tr><td><img decoding=\"async\" src=\"https:\/\/armoria.info\/actualizaciones\/wp-content\/uploads\/2021\/03\/252Borlacortada__francia01.jpg\"><a href=\"http:\/\/1.bp.blogspot.com\/-xZ6_LSwNKoQ\/TnAr0B2qXJI\/AAAAAAAAAxs\/HGHyz_ch95w\/s1600\/%252Borla+cortada__francia01.jpg\" target=\"_blank\" rel=\"noopener\"><\/a><\/td><\/tr><tr><td><em>Orla cortada en el t\u00edmpano de una iglesia en un castillo franc\u00e9s.<\/em><\/td><\/tr><\/tbody><\/table><\/figure>\n\n\n\n<p><em><strong>La Orla<\/strong><\/em><\/p>\n\n\n\n<p>Pieza que rodea el escudo, que tiene de anchura la mitad de la bordura, y que est\u00e1 separada de los bordes de aqu\u00e9l en una medida igual a la que tiene de ancho.<\/p>\n\n\n\n<h4 class=\"wp-block-heading\"><em>El Trechor<\/em><\/h4>\n\n\n\n<p>Llamado tambi\u00e9n contrafilete, pieza igual que la Orla, pero la mitad m\u00e1s estrecha que \u00e9sta.<\/p>\n\n\n\n<h4 class=\"wp-block-heading\"><em>La Perla<\/em><\/h4>\n\n\n\n<p>Llamada tambi\u00e9n palio, pieza en forma Y constituida por la parte superior de un sotuer que se une en el centro del escudo con un palo.<\/p>\n\n\n\n<figure class=\"wp-block-table\"><table><tbody><tr><td><img decoding=\"async\" src=\"https:\/\/armoria.info\/actualizaciones\/wp-content\/uploads\/2021\/03\/Escuson.jpg\"><a href=\"http:\/\/4.bp.blogspot.com\/-hTjVOz6J4UE\/Tm3ljnXk4eI\/AAAAAAAAAxg\/0EtfCUG_Ppc\/s1600\/Escuson.jpg\" target=\"_blank\" rel=\"noopener\"><\/a><\/td><\/tr><tr><td><em>Escus\u00f3n en el escudo de armas del linaje italiano<\/em><br><em>de los De Castro. Seg\u00fan el manuscrito \u00abNobilium\u00bb.<\/em>&nbsp;S. XVI<\/td><\/tr><\/tbody><\/table><\/figure>\n\n\n\n<h3 class=\"wp-block-heading\"><em>El Escus\u00f3n<\/em><\/h3>\n\n\n\n<p>Pieza en forma de escudito que ocupa el centro, coraz\u00f3n o abismo del escudo.<\/p>\n\n\n\n<h3 class=\"wp-block-heading\"><em>El Jir\u00f3n<\/em><\/h3>\n\n\n\n<p>Pieza triangular, uno de cuyos \u00e1ngulos se halla en el centro del escudo.<\/p>\n\n\n\n<figure class=\"wp-block-table\"><table><tbody><tr><td><img decoding=\"async\" src=\"https:\/\/armoria.info\/actualizaciones\/wp-content\/uploads\/2021\/03\/252BPira_-_cap.Inmaculada.Cat_.detarragona.S.XVI.jpg\"><a href=\"http:\/\/4.bp.blogspot.com\/-T8C07j6mIoE\/Tm3mDxi4k6I\/AAAAAAAAAxk\/C5MfHWR6SKY\/s1600\/%252BPira_-_cap.+Inmaculada.+Cat.+de+tarragona.+S.+XVI..jpg\" target=\"_blank\" rel=\"noopener\"><\/a><\/td><\/tr><tr><td><em>Labra her\u00e1ldica de los Gir\u00f3n, en una capilla de la catedral<\/em><br><em>de Tarragona.<\/em><\/td><\/tr><\/tbody><\/table><\/figure>\n\n\n\n<h3 class=\"wp-block-heading\"><em>La Pira<\/em><\/h3>\n\n\n\n<p>Llamada tambi\u00e9n punta ranversada, pieza en forma de pir\u00e1mide que parte de la l\u00ednea inferior del escudo y termina en el centro en el centro del jefe.<br>Hasta aqu\u00ed he enumerado las Piezas Honorables de primer orden, mas adelante trataremos de la pieza ordinarias o Seantes.<br>J. Sanz<br>www.armoria.info<\/p>\n","protected":false},"excerpt":{"rendered":"<p>Labra her\u00e1ldica con los palos de Arag\u00f3n, adoptados por todos los reinos y territoriosque formaron la Corona de Arag\u00f3n. Procede del desaparecido palaciode la Diputaci\u00f3n del reino de Arag\u00f3n.&nbsp;Museo de Zaragoza La her\u00e1ldica en sus inicios La her\u00e1ldica no es ninguna cosa creada por y puesta en curso de una manera oficial. Como muchas otras &#8230; <a title=\"LA HERALDICA Y LAS PIEZAS HONORABLES\" class=\"read-more\" href=\"https:\/\/www.armoria.info\/actualizaciones\/la-heraldica-y-las-piezas-honorables\/\" aria-label=\"Leer m\u00e1s sobre LA HERALDICA Y LAS PIEZAS HONORABLES\">Leer m\u00e1s<\/a><\/p>\n","protected":false},"author":1,"featured_media":0,"comment_status":"closed","ping_status":"closed","sticky":false,"template":"","format":"standard","meta":[],"categories":[3],"tags":[],"_links":{"self":[{"href":"https:\/\/www.armoria.info\/actualizaciones\/wp-json\/wp\/v2\/posts\/601"}],"collection":[{"href":"https:\/\/www.armoria.info\/actualizaciones\/wp-json\/wp\/v2\/posts"}],"about":[{"href":"https:\/\/www.armoria.info\/actualizaciones\/wp-json\/wp\/v2\/types\/post"}],"author":[{"embeddable":true,"href":"https:\/\/www.armoria.info\/actualizaciones\/wp-json\/wp\/v2\/users\/1"}],"replies":[{"embeddable":true,"href":"https:\/\/www.armoria.info\/actualizaciones\/wp-json\/wp\/v2\/comments?post=601"}],"version-history":[{"count":6,"href":"https:\/\/www.armoria.info\/actualizaciones\/wp-json\/wp\/v2\/posts\/601\/revisions"}],"predecessor-version":[{"id":740,"href":"https:\/\/www.armoria.info\/actualizaciones\/wp-json\/wp\/v2\/posts\/601\/revisions\/740"}],"wp:attachment":[{"href":"https:\/\/www.armoria.info\/actualizaciones\/wp-json\/wp\/v2\/media?parent=601"}],"wp:term":[{"taxonomy":"category","embeddable":true,"href":"https:\/\/www.armoria.info\/actualizaciones\/wp-json\/wp\/v2\/categories?post=601"},{"taxonomy":"post_tag","embeddable":true,"href":"https:\/\/www.armoria.info\/actualizaciones\/wp-json\/wp\/v2\/tags?post=601"}],"curies":[{"name":"wp","href":"https:\/\/api.w.org\/{rel}","templated":true}]}}