{"id":221,"date":"2009-11-01T10:04:39","date_gmt":"2009-11-01T08:04:39","guid":{"rendered":"http:\/\/www.armoria.info\/actualizaciones\/index.php\/libro-de-armoria\/las-coronas-en-la-heraldica-espanola\/221"},"modified":"2010-03-07T19:43:57","modified_gmt":"2010-03-07T17:43:57","slug":"las-coronas-en-la-heraldica-espanola","status":"publish","type":"post","link":"https:\/\/www.armoria.info\/actualizaciones\/las-coronas-en-la-heraldica-espanola\/","title":{"rendered":"Las Coronas en la Her\u00e1ldica espa\u00f1ola"},"content":{"rendered":"<p align=\"center\"><a href=\"https:\/\/www.armoria.info\/actualizaciones\/wp-content\/uploads\/2009\/09\/llio-c-moncada.jpg\" title=\"llio-c-moncada.jpg\"><\/a><\/p>\n<p align=\"center\"><a href=\"https:\/\/www.armoria.info\/actualizaciones\/wp-content\/uploads\/2009\/09\/escudo-de-espanya.jpg\" title=\"escudo-de-espanya.jpg\"><\/a><a href=\"https:\/\/www.armoria.info\/actualizaciones\/wp-content\/uploads\/2009\/09\/escudo-de-espanya.jpg\" title=\"escudo-de-espanya.jpg\"><\/a><\/p>\n<p><a href=\"https:\/\/www.armoria.info\/actualizaciones\/wp-content\/uploads\/2009\/09\/copia_de_seguridad_de_usatges-jaime-i.jpg\" title=\"copia_de_seguridad_de_usatges-jaime-i.jpg\"><\/a><a href=\"https:\/\/www.armoria.info\/actualizaciones\/wp-content\/uploads\/2009\/09\/corona-de-grande-espana01.jpg\" title=\"corona-de-grande-espana01.jpg\"><\/a><\/p>\n<p align=\"center\"><a href=\"https:\/\/www.armoria.info\/actualizaciones\/wp-content\/uploads\/2009\/09\/princess_of_asturias_coat_of_arms.png\" title=\"princess_of_asturias_coat_of_arms.png\"><\/a><a href=\"https:\/\/www.armoria.info\/actualizaciones\/wp-content\/uploads\/2009\/09\/copia_de_seguridad_de_corona-real.gif\" title=\"copia_de_seguridad_de_corona-real.gif\"><\/a><a href=\"https:\/\/www.armoria.info\/actualizaciones\/wp-content\/uploads\/2009\/10\/arms14j1a.jpg\" title=\"arms14j1a.jpg\"><\/a><a href=\"https:\/\/www.armoria.info\/actualizaciones\/wp-content\/uploads\/2009\/10\/corona-de-infante.png\" title=\"corona-de-infante.png\"><\/a><a href=\"https:\/\/www.armoria.info\/actualizaciones\/wp-content\/uploads\/2009\/10\/240px-corona_de_conde_2_svg.png\" title=\"240px-corona_de_conde_2_svg.png\"><\/a><a href=\"https:\/\/www.armoria.info\/actualizaciones\/wp-content\/uploads\/2009\/10\/corona-de-vizconde.jpg\" title=\"corona-de-vizconde.jpg\"><\/a><a href=\"https:\/\/www.armoria.info\/actualizaciones\/wp-content\/uploads\/2009\/10\/230px-prince_of_asturias_crown.png\" title=\"230px-prince_of_asturias_crown.png\"><\/a><a href=\"https:\/\/www.armoria.info\/actualizaciones\/wp-content\/uploads\/2009\/10\/corona-de-duque.jpg\" title=\"corona-de-duque.jpg\"><\/a><a href=\"https:\/\/www.armoria.info\/actualizaciones\/wp-content\/uploads\/2009\/10\/corona-de-baron.jpg\" title=\"corona-de-baron.jpg\"><\/a><a href=\"https:\/\/www.armoria.info\/actualizaciones\/wp-content\/uploads\/2009\/09\/escudo_alfonso_xiii.jpg\" title=\"Escudo del rey Alfonso XIII, de Espa\u00f1a, con la corona real por cimera encima del casco.\"><img decoding=\"async\" src=\"https:\/\/www.armoria.info\/actualizaciones\/wp-content\/uploads\/2009\/09\/escudo_alfonso_xiii.jpg\" alt=\"Escudo del rey Alfonso XIII, de Espa\u00f1a, con la corona real por cimera encima del casco.\" \/><\/a><\/p>\n<p><a href=\"https:\/\/www.armoria.info\/actualizaciones\/wp-content\/uploads\/2009\/09\/corona-imperial01.jpg\" title=\"corona-imperial01.jpg\"><\/a><\/p>\n<p align=\"center\"><em>Escudo del rey Alfonso XIII con la Corona real por cimera.<\/em><\/p>\n<p align=\"center\">&nbsp;<\/p>\n<p align=\"center\"><strong>LA CORONA EN LA HER\u00c1LDICA ESPA\u00d1OLA<\/strong><\/p>\n<p>La corona es una distinci\u00f3n de las m\u00e1s antiguas. Por ella\u00a0puede clasificarse o identificarse la jerarqu\u00eda de la persona que la usa en su cabeza o sobre su escudo de armas. Puede saberse si un rey, un conde, un marqu\u00e9s, etc.\u00a0Las piedras preciosas que la engalanan, que no tienen m\u00e1s representaci\u00f3n que su riqueza.Es uno de los timbres m\u00e1s utilizados en la her\u00e1ldica espa\u00f1ola y europea, sirven para diferenciar los distintos grados del estamento\u00a0noble. Tambi\u00e9n llamada \u00abCoronel\u00bb, t\u00e9rmino usado durante el siglo XV y XVI, para denominar a la corona her\u00e1ldica. Se sit\u00faa encima del borde del escudo con poca separaci\u00f3n, en contadas ocasiones se encuentra en el campo del escudo. Todas son de oro, pero de formas distintas y variadas, seg\u00fan su distintivo nobiliario. Algunas a trav\u00e9s de los tiempos han sido modificadas en su\u00a0forma y hechura.En la her\u00e1ldica espa\u00f1ola suele ser costumbre al timbrar un escudo con una corona prescindir del casco correspondiente, sin embargo no existe ninguna regla her\u00e1ldica que impida usar casco y corona conjuntamente, en este caso siempre la corona debe de ir sobre el casco o un poco elevada por encima del mismo.En los siglos XV-XVI se fue ordenando la forma de las coronas y el concepto de los reinos y de los imperios. El rey es el que tiene o regenta un reino. El Emperador acostumbra ser el que impera sobre varios reinos.En este monogr\u00e1fico s\u00f3lo trataremos de las m\u00e1s importantes coronas espa\u00f1olas, dejaremos para un futuro trabajo las diferentes coronas europeas.<\/p>\n<p align=\"center\"><strong>Coronas espa\u00f1olas<\/strong><\/p>\n<p>Es la corona que se compone por un c\u00edrculo adornado de puntas o rayos, hojas de acanto o de apio, toda ella esmaltada de oro.<\/p>\n<p align=\"center\"><img decoding=\"async\" src=\"https:\/\/www.armoria.info\/actualizaciones\/wp-content\/uploads\/2009\/09\/corona-imperial01.jpg\" alt=\"corona-imperial01.jpg\" \/><\/p>\n<p align=\"center\">\u00a0<em>Corona Imperial Espa\u00f1ola*<\/em><\/p>\n<p>La <strong>corona imperial<\/strong>, est\u00e1 formada por un c\u00edrculo de oro, con ocho florones de hojas de acanto, se ven tres de enteras, engarzadas de una perla y un bonete de color rojo escarlata en forma de mitra, protegido por casco de oro abierto, protegido de tres diademas tambi\u00e9n engarzadas con perlas la del centro sostiene un globo de azur centrado y cruzado y sumado de una cruz de oro. Es la m\u00e1s alta representaci\u00f3n de jerarqu\u00eda nobiliaria. En algunos pa\u00edses cuelgan dos \u00ednfulas.Entre las m\u00e1s caracter\u00edsticas figuran la de los emperadores y emperatrices de Rusia, Alemania, Austria, Espa\u00f1a y la de los Bonaparte.Acostumbran a ser todas de oro engastadas de pedrer\u00eda que se distribuyen en todo el contorno de la corona.<\/p>\n<p align=\"center\">\u00a0<img decoding=\"async\" src=\"https:\/\/www.armoria.info\/actualizaciones\/wp-content\/uploads\/2009\/09\/copia_de_seguridad_de_corona-real.gif\" alt=\"copia_de_seguridad_de_corona-real.gif\" \/><\/p>\n<p align=\"center\"><em>Corona real y escudo de los Reyes de Espa\u00f1a<\/em><\/p>\n<p>La <strong>corona real espa\u00f1ola<\/strong>, est\u00e1 formada por un c\u00edrculo de oro, cargado de pedrer\u00eda, con ocho florones tambi\u00e9n de acanto, cargados cada uno de una perla, levantados y cubiertos de ocho diademas perleadas (s\u00f3lo se ven cinco) y en la parte que se juntan un globo centrado y cruzado sumado\u00a0de una cruz llana de oro. Forrada de gules.<\/p>\n<p style=\"text-align: center\"><img decoding=\"async\" loading=\"lazy\" src=\"https:\/\/www.armoria.info\/actualizaciones\/wp-content\/uploads\/2009\/09\/princess_of_asturias_coat_of_arms.png\" alt=\"princess_of_asturias_coat_of_arms.png\" height=\"308\" width=\"188\" \/><\/p>\n<p align=\"center\"><em>\u00a0Corona y escudo de la princesa de Asturias Do\u00f1a Leticia<\/em><\/p>\n<p>La <strong>corona de reinas<\/strong> y princesas y otras se\u00f1oras tienen derecho a poner sus armas las coronas que usan sus maridos, signo de m\u00e1xima nobleza.<\/p>\n<p style=\"text-align: center\"><img decoding=\"async\" loading=\"lazy\" src=\"https:\/\/www.armoria.info\/actualizaciones\/wp-content\/uploads\/2009\/10\/230px-prince_of_asturias_crown.png\" alt=\"230px-prince_of_asturias_crown.png\" height=\"148\" width=\"213\" \/><\/p>\n<p align=\"center\"><em>Corona de Pr\u00edncipe de Asturias*<\/em><\/p>\n<p>La de <strong>Pr\u00edncipe,<\/strong> en Espa\u00f1a pertenece al heredero de la Corona, Pr\u00edncipe de Asturias, es igual a la real con la diferencia que lleva cuatro diademas (solo se ven tres).<\/p>\n<p align=\"center\">&nbsp;<\/p>\n<p align=\"center\"><img decoding=\"async\" loading=\"lazy\" src=\"https:\/\/www.armoria.info\/actualizaciones\/wp-content\/uploads\/2009\/09\/copia_de_seguridad_de_usatges-jaime-i.jpg\" alt=\"copia_de_seguridad_de_usatges-jaime-i.jpg\" height=\"423\" width=\"345\" \/><\/p>\n<p align=\"center\"><em>El rey de Arag\u00f3n con la corona de Arag\u00f3n, presidiendo una sesi\u00f3n de Cortes.<\/em> Miniatura del \u00abLibro de los Usatges i Constitucions de Cathalunya\u00bb. S. XIV.<\/p>\n<p align=\"left\">La <strong>Corona de los Reyes de Arag\u00f3n,<\/strong> igual a la corona Real Espa\u00f1ola, pero sin diadema alguna.<\/p>\n<p>La <strong>corona de los Condes de Barcelona<\/strong>, c\u00edrculo de oro, enriquecido de pedrer\u00eda, realzado de ocho espigones grandes intercalados de otros ocho peque\u00f1os, terminados y cargados de perlas, cerrado de un bonete carmes\u00ed redondo, cimado de una perla.<strong>Corona de Pr\u00edncipe de Girona,<\/strong> c\u00edrculo de oro, con pedrer\u00eda, surmontado de doce espigones de oro intercalados de otros doce m\u00e1s peque\u00f1os, todos terminados en perlas.<\/p>\n<p style=\"text-align: center\"><img decoding=\"async\" src=\"https:\/\/www.armoria.info\/actualizaciones\/wp-content\/uploads\/2009\/10\/corona-de-infante.png\" alt=\"corona-de-infante.png\" \/><\/p>\n<p align=\"center\"><em>Corona de infante*<\/em><\/p>\n<p>\u00a0La <strong>corona de Infante<\/strong>, es como la real, aunque sin ninguna diadema.<\/p>\n<p align=\"center\"><img decoding=\"async\" loading=\"lazy\" src=\"https:\/\/www.armoria.info\/actualizaciones\/wp-content\/uploads\/2009\/10\/corona-de-duque.jpg\" alt=\"corona-de-duque.jpg\" height=\"124\" width=\"221\" \/><\/p>\n<p align=\"center\"><em>Corona de Duque*<\/em><\/p>\n<p align=\"center\">&nbsp;<\/p>\n<p>La de <strong>Duque<\/strong>, es como la de Infante, sin las perlas intercaladas, la corona d\u00e9bese de usar siempre con el manto forrado de armi\u00f1os, ya que todos los Duques tienen la dignidad de Grande de Espa\u00f1a y todos los dem\u00e1s t\u00edtulos que ostenten Grandeza de Espa\u00f1a.<\/p>\n<p align=\"center\">\u00a0<img decoding=\"async\" src=\"https:\/\/www.armoria.info\/actualizaciones\/wp-content\/uploads\/2009\/09\/llio-c-moncada.jpg\" alt=\"llio-c-moncada.jpg\" \/><\/p>\n<p align=\"center\"><em>Escudo de los Marqueses de Lli\u00f3, sumado de la corona de marqu\u00e9s. Existente en el patio del palacio de esta antigua familia en la calle Moncada, de Barcelona.<\/em><\/p>\n<p>La de <strong>Marqu\u00e9s,<\/strong> es de oro, con ornamentaci\u00f3n de piezas preciosas, realzadas de cuatro florones (s\u00f3lo se uno y dos medios florones), con doce perlas puestas en medio de \u00e9stos de tres en tres.<\/p>\n<p align=\"center\"><img decoding=\"async\" loading=\"lazy\" src=\"https:\/\/www.armoria.info\/actualizaciones\/wp-content\/uploads\/2009\/10\/240px-corona_de_conde_2_svg.png\" alt=\"240px-corona_de_conde_2_svg.png\" height=\"105\" width=\"211\" \/><\/p>\n<p align=\"center\"><em>Corona de Conde*<\/em><\/p>\n<p>La de <strong>Conde<\/strong>, de oro, con el c\u00edrculo de pedrer\u00eda y realzado de dieciocho perlas, s\u00f3lo se ven nueve.<\/p>\n<p align=\"center\"><img decoding=\"async\" src=\"https:\/\/www.armoria.info\/actualizaciones\/wp-content\/uploads\/2009\/10\/corona-de-vizconde.jpg\" alt=\"corona-de-vizconde.jpg\" \/><\/p>\n<p align=\"center\"><em>Corona de Vizconde*<\/em><\/p>\n<p>La de <strong>Vizconde<\/strong>, el c\u00edrculo con menos pedrer\u00eda que la del Conde, sobresalen cuatro puntos cargados en su extremo de una perla gruesa y en medio de otra perla de menores dimensiones, colocadas en posici\u00f3n m\u00e1s baja sostenidas por puntos de oro.<\/p>\n<p align=\"center\"><img decoding=\"async\" loading=\"lazy\" src=\"https:\/\/www.armoria.info\/actualizaciones\/wp-content\/uploads\/2009\/10\/corona-de-baron.jpg\" alt=\"corona-de-baron.jpg\" height=\"79\" width=\"203\" \/><\/p>\n<p align=\"center\"><em>Corona de Bar\u00f3n*<\/em><\/p>\n<p>La de <strong>Bar\u00f3n<\/strong>, el mismo c\u00edrculo que la de Vizconde, cincelado, embellecido y guarnecido de pedrer\u00eda, el c\u00edrculo lo rodea una banda de perlas que da ocho vueltas (s\u00f3lo se ven tres), ensartadas y al final de ellas una perla gruesa.<\/p>\n<p align=\"center\"><img decoding=\"async\" src=\"https:\/\/www.armoria.info\/actualizaciones\/wp-content\/uploads\/2009\/10\/arms14j1a.jpg\" alt=\"arms14j1a.jpg\" \/><\/p>\n<p align=\"center\"><em>Corona del actual Papa de Roma Benedicto XVI\u00a0<\/em><\/p>\n<p>La <strong>Corona papal<\/strong>, tambi\u00e9n llamada tiara, triple corona, es de plata, alargada y de forma ovalada, circundada de tres coronas de oro una encima de otra y separadas, sumada de un mundo circulado y centrado, sumado de una cruz latina o pat\u00e9, de oro y en los lados de la parte interna sobresalen colgando dos \u00ednfulas. En el escudo se adosan en la parte de atr\u00e1s dos llaves cruzadas una de oro y otra de plata.<strong>Corona se\u00f1orial,<\/strong> empleada s\u00f3lo por los que tienen t\u00edtulo del reino de se\u00f1or, es como la de Bar\u00f3n, pero la banda de perlas s\u00f3lo da cuatro vueltas, se ven dos, exenta de perlas gruesas.La <strong>Corona Antigua<\/strong>. Es la corona que se compone por un c\u00edrculo adornado de puntas o rayos, toda esmaltada de oro. Todas las coronas descritas se pintan de perfil, vi\u00e9ndose solamente la mitad evalu\u00e1ndose por tanto la mitad de los florones y perlas que se describen.<\/p>\n<p align=\"center\"><a href=\"https:\/\/www.armoria.info\/actualizaciones\/wp-content\/uploads\/2009\/09\/corona-de-grande-espana01.jpg\" title=\"corona-de-grande-espana01.jpg\"><img decoding=\"async\" src=\"https:\/\/www.armoria.info\/actualizaciones\/wp-content\/uploads\/2009\/09\/corona-de-grande-espana01.jpg\" alt=\"corona-de-grande-espana01.jpg\" \/><\/a><\/p>\n<p align=\"center\"><em>Corona y manto de Grande de Espa\u00f1a<\/em><\/p>\n<p><strong>Corona de Grande de Espa\u00f1a<\/strong>, similar a la de infante, pero sin diadema lleva un bonete grana, sumado o no, por una perla. La corona debe usarse siempre con el manto forrado de armi\u00f1os.<strong>Corona de Hidalgo<\/strong>, descendiente de t\u00edtulo. C\u00edrculo de oro, engastado de pedrer\u00eda.La <strong>corona de Hijosdalgo<\/strong>, usa de oro liso, guarnecida con dos puntas.<strong>Corona de los Reyes de Armas.<\/strong> C\u00edrculo de plata sobredorado de piedras preciosas azules y realzado de cuatro cruces pat\u00e9s.<\/p>\n<p align=\"center\"><a href=\"https:\/\/www.armoria.info\/actualizaciones\/wp-content\/uploads\/2009\/09\/corona-de-comarca.png\" title=\"corona-de-comarca.png\"><img decoding=\"async\" loading=\"lazy\" src=\"https:\/\/www.armoria.info\/actualizaciones\/wp-content\/uploads\/2009\/09\/corona-de-comarca.png\" alt=\"corona-de-comarca.png\" style=\"width: 173px; height: 122px\" height=\"124\" width=\"190\" \/><\/a><\/p>\n<p align=\"center\"><em>Corona de provincia*<\/em><\/p>\n<p><a href=\"https:\/\/www.armoria.info\/actualizaciones\/wp-content\/uploads\/2009\/09\/corona-de-comarca.png\" title=\"corona-de-comarca.png\"><\/a>La <strong>corona mural<\/strong>, es la empleada para timbrar los escudos municipales, sin embargo, hay que distinguir cuatro variedades:La <strong>corona de provincia<\/strong>, tiene un lienzo de muralla de forma circular realzada por doce torres, aunque se ven siete, unidas hasta la mitad por un muro con sus merletas defensivas.La de <strong>ciudad,<\/strong> tiene el mismo lienzo, pero cerrada con diez puertas, se ven cinco, realzada por ocho torres, se ven cinco, unidas hasta la mitad de su alzada por un muro sin merletas, de plata, con una garita en el medio en la parte superior.La <strong>corona de villa<\/strong>, tiene el mismo lienzo que la de ciudad, cerrada con ocho puertas (cuatro se ven), tambi\u00e9n ocho torres (aparecen cinco), unidas por un muro sin merletas y sin garitas.La <strong>corona de pueblo<\/strong>, es como la de villa, pero con cuatro puertas i torres, se ven tres.Por el mal empleo que se hizo en el siglo XVI el uso y abuso de las coronas, el rey Felipe II, por medio de sus juristas y Reyes de Armas, puso orden a tal desconcierto por medio del Real Decreto, fechado en San Lorenzo del Escorial, el 8 de octubre del a\u00f1o 1586: <em>\u201cOtros\u00ed, para remediar el gran desorden y exceso que ha habido y hay en poner coronas en los escudos de armas y sellos y reposteros, ordenamos y mandamos que ninguna ni ningunas persona puedan poner ni pongan coroneles en los dichos sellos ni reposteros, ni en ninguna otra parte alguna donde hubiera armas, excepto los Duques, Marqueses y Condes, los cuales tenemos por bien que los puedan poner y pongan, siendo en la forma que les toca tan solamente, y que los coroneles puestos hasta aqu\u00ed se quiten luego, y no se usen, ni traigan, ni tengan m\u00e1s.\u201d<\/em> (Nobiliario Espa\u00f1ol, Julio de Atienza).Los soberanos extranjeros traen coronas que le son propias; siendo muy diferentes entre s\u00ed, m\u00e1s la peque\u00f1ez de este art\u00edculo se excluye\u00a0 la descripci\u00f3n de cada de ellas.*\u00a0\u00a0 Las im\u00e1genes con asterisco son extra\u00eddas de Wiquipedia.orgJ. Sanz<\/p>\n<p align=\"center\">\u00a0_______________<\/p>\n<p style=\"text-align: center; margin: 0cm 0cm 0pt\" class=\"MsoNormal\" align=\"center\"><em><strong><span style=\"font-family: Arial; color: green; font-size: 10pt\" lang=\"ES-TRAD\">Se ha llevado a efecto la actualizaci\u00f3n del Glosario, perteneciente al Libro de Armoria, el 1 de noviembre de 2009, con im\u00e1genes fotogr\u00e1ficas y dibujos de escudos<\/span><\/strong><span style=\"font-family: Arial; color: green; font-size: 11pt\" lang=\"ES-TRAD\">.<\/span><\/em><\/p>\n<p><span style=\"font-family: Arial; color: green; font-size: 11pt\" lang=\"ES-TRAD\"><\/span><span style=\"font-family: Arial; color: green; font-size: 11pt\" lang=\"ES-TRAD\"><\/span><span style=\"font-family: Arial; color: green; font-size: 11pt\" lang=\"ES-TRAD\"><\/span><span style=\"font-family: Arial; color: green; font-size: 11pt\" lang=\"ES-TRAD\"><\/span><span style=\"font-family: Arial; color: green; font-size: 11pt\" lang=\"ES-TRAD\"><\/span><span style=\"font-family: Arial; color: green; font-size: 11pt\" lang=\"ES-TRAD\"><\/span><\/p>\n<p style=\"text-align: justify; margin: 0cm 0cm 0pt\" class=\"MsoBodyText\"><strong><span style=\"font-family: Arial; color: green\" lang=\"ES-TRAD\"><\/span><\/strong><\/p>\n<p><strong><span style=\"font-family: Arial; color: green\" lang=\"ES-TRAD\"><font size=\"2\">Relaci\u00f3n de fotograf\u00edas puestas en el \u201cglosario her\u00e1ldico<\/font><\/span><\/strong><strong><span style=\"font-family: Arial; color: green\" lang=\"ES-TRAD\"><\/span><\/strong><strong><span style=\"font-family: Arial; color: green\" lang=\"ES-TRAD\"><\/span><\/strong><span style=\"font-family: Arial; color: black; font-size: 8.5pt\" lang=\"ES-TRAD\">Armas Blancas, 17.<span>\u00a0 <\/span>&#8211; Armas verdaderas o leg\u00edtimas, 17.<span>\u00a0 <\/span>&#8211; Asno, 21. &#8211; Barbo, 4.<span>\u00a0 <\/span>&#8211; Cangrejo, 50.<span>\u00a0 <\/span>&#8211; Cascabel, 10.<span>\u00a0 <\/span>&#8211; Cuadrifolio, 49.<span>\u00a0 <\/span>&#8211; Cuartel, 49.<span>\u00a0 <\/span>&#8211; Cuartelado, 49.<span>\u00a0 <\/span>&#8211; Disposici\u00f3n de las figuras, 6.<span>\u00a0 <\/span>&#8211; Embanderado, 2.<span>\u00a0 <\/span>&#8211; Emblema, 2.<span>\u00a0 <\/span>&#8211; Empenechado, 2. &#8211; Hebilla, 1.<span>\u00a0 <\/span>&#8211; Limpio, 7.<span>\u00a0 <\/span>&#8211; Monstruoso, 7.<span>\u00a0 <\/span>&#8211; Perro, 11.<span>\u00a0 <\/span>&#8211; Pica, 12.<span>\u00a0 <\/span>&#8211; Rueda de molino, 10. &#8211; Tenantes, 2.<span>\u00a0 <\/span>&#8211; Tijeras, 5.<span>\u00a0 <\/span>&#8211; Timbrado, 5.<span>\u00a0 <\/span>&#8211; Tornillante, 7.<span>\u00a0 <\/span>&#8211; Tulip\u00e1n, 13.<span>\u00a0 <\/span>&#8211; Zorra, 1.\u00a0<\/span><span style=\"font-family: Arial; color: black; font-size: 8.5pt\" lang=\"ES-TRAD\">\u00a0<\/span><span style=\"font-family: Arial; color: black; font-size: 8.5pt\" lang=\"ES-TRAD\">\u00a0<\/span><span style=\"font-family: Arial; color: black; font-size: 8.5pt\" lang=\"ES-TRAD\"><\/span><span style=\"font-family: Arial; color: black; font-size: 8.5pt\" lang=\"ES-TRAD\"><\/span><span style=\"font-family: Arial; color: black; font-size: 8.5pt\" lang=\"ES-TRAD\">\u00a0<\/span><strong><span style=\"font-family: Arial; color: green; font-size: 8.5pt\" lang=\"ES-TRAD\">Letra A: <\/span><\/strong><span style=\"font-family: Arial; color: black; font-size: 8.5pt\" lang=\"ES-TRAD\">Abarca de Bolea, 1.<span>\u00a0 <\/span>&#8211; Abarca Guerau, 2.<span>\u00a0 <\/span>&#8211; Abarcas, 2. &#8211; Abell\u00e1n, 2. &#8211; Abi\u00e1n, 4.<span>\u00a0 <\/span>&#8211; Abiego, 4.<span>\u00a0 <\/span>&#8211; Abiegos, 4.<span>\u00a0\u00a0 <\/span>&#8211; Abinia, 4.<span>\u00a0 <\/span>&#8211; Abin\u00edn, 4. &#8211; Abinon-es, 4.<span>\u00a0 <\/span>&#8211; Abi\u00f1\u00f3n, 4. &#8211; Abio, 4. &#8211; Ablanque, 4. &#8211; Abos, 4.<span>\u00a0 <\/span>&#8211; Abregos, 5.<span>\u00a0 <\/span>&#8211; Abreu, 5.<span>\u00a0 <\/span>&#8211; Abr\u00ed-Descatllar, 5.<span>\u00a0 <\/span>&#8211; A\u00e7agra, 5.<span>\u00a0 <\/span>&#8211; Acella, 5.<span>\u00a0 <\/span>&#8211; Acuavera, 6. &#8211; Ademar, 6.<span>\u00a0 <\/span>&#8211; Adri\u00e1n de Torres, 6.<span>\u00a0 <\/span>&#8211; Adroer, 6.<span>\u00a0 <\/span>&#8211; Adroher, 6.<span>\u00a0 <\/span>&#8211; Af\u00e1n de Ribera, 7.<span>\u00a0 <\/span>&#8211; Agea, 7.<span>\u00a0 <\/span>&#8211; Ager, 7.<span>\u00a0 <\/span>&#8211; Ager, Vizcondado, 7.<span>\u00a0 <\/span>&#8211; Ager,<span>\u00a0 <\/span>Vizconde, 7.<span>\u00a0 <\/span>&#8211; Agost, 8.<span>\u00a0 <\/span>&#8211; Agost\u00ed, 8. &#8211; Agramunt, 8.<span>\u00a0 <\/span>&#8211; Agreda, 8. &#8211; Aguas, 8.<span>\u00a0 <\/span>&#8211; Aguer, 8.<span>\u00a0 <\/span>&#8211; Aguila, 8.<span>\u00a0 <\/span>&#8211; Aguilaniedo, 9. &#8211; Aguilar de la Sentiu, 9.<span>\u00a0 <\/span>&#8211; Aguilar de la Seu d\u2019Urgell, 09.<span>\u00a0 <\/span>&#8211; Aguilar, 09. &#8211; Aguil\u00f3n, 9.<span>\u00a0 <\/span>&#8211; Aguinaliu, 10. &#8211; Agull\u00f3s, 11.<span>\u00a0 <\/span>&#8211; Agust\u00edn, 11.<span>\u00a0 <\/span>&#8211; Agut, 11. &#8211; Ahones, 11.<span>\u00a0 <\/span>&#8211; Aibar, 11.<span>\u00a0 <\/span>&#8211; Aich, 11. &#8211;<span>\u00a0 <\/span>Aierbe, 12.<span>\u00a0 <\/span>&#8211; Aignaliba, 12. &#8211; Aig\u00fces, 12.<span>\u00a0 <\/span>&#8211; A\u00eflla, 12.<span>\u00a0 <\/span>&#8211; Aineto, 12.<span>\u00a0 <\/span>&#8211; Aitona y Ser\u00f3s, 12.<span>\u00a0 <\/span>&#8211; Alabalat, 13.<span>\u00a0 <\/span>&#8211; Alabart, 13.<span>\u00a0 <\/span>&#8211; Alabi\u00e0, 13.<span>\u00a0 <\/span>&#8211; Alabiano, 13.<span>\u00a0 <\/span>&#8211; Aladr\u00f3, 13.<span>\u00a0 <\/span>&#8211; Alam\u00e1n, 13.<span>\u00a0 <\/span>&#8211; Alamani, 14.<span>\u00a0 <\/span>&#8211; Alamany, 14.<span>\u00a0 <\/span>&#8211; Alarich, 14.<span>\u00a0 <\/span>&#8211; Alastru\u00e9, 14.<span>\u00a0 <\/span>&#8211; Alastruey, 14.<span>\u00a0 <\/span>&#8211; Alax\u00e0, 15.<span>\u00a0 <\/span>&#8211; Alba, 15.<span>\u00a0 <\/span>&#8211; Albacara, 15. &#8211; Albalate, 16. &#8211; Alb\u00e1n, 16.<span>\u00a0 <\/span>&#8211; Albarado, 16. &#8211; Albard, 16.<span>\u00a0 <\/span>&#8211; Albarrac\u00edn, 16.<\/span><span style=\"font-family: Arial; color: black; font-size: 8.5pt\" lang=\"ES-TRAD\">\u00a0<\/span><span style=\"font-family: Arial; color: black; font-size: 8.5pt\" lang=\"ES-TRAD\"><\/span><span style=\"font-family: Arial; color: black; font-size: 8.5pt\" lang=\"ES-TRAD\"><\/span><strong><span style=\"font-family: Arial; color: green; font-size: 8.5pt\" lang=\"ES-TRAD\">Letra B: <\/span><\/strong><span style=\"font-family: Arial; color: black; font-size: 8.5pt\" lang=\"ES-TRAD\">Baixeres, 03.<span>\u00a0 <\/span>&#8211; Bajoles, 03.<span>\u00a0 <\/span>&#8211; Balaguer, 4.<span>\u00a0 <\/span>&#8211; Balanda, 4.<span>\u00a0 <\/span>&#8211; Balandre, 4.<span>\u00a0 <\/span>&#8211; Balbi, 4.<span>\u00a0 <\/span>&#8211; Balbs, 4.<span>\u00a0 <\/span>&#8211; Balbuena, 4.<span>\u00a0 <\/span>&#8211; Balda, 4.<span>\u00a0 <\/span>&#8211; Baldu, 5.<span>\u00a0 <\/span>&#8211; Balic\u00f3, 5.<span>\u00a0 <\/span>&#8211; Bals, 6.<span>\u00a0 <\/span>&#8211; Baller\u00f3, 5.<span>\u00a0 <\/span>&#8211; Ballesteros, 5.<span>\u00a0 <\/span>&#8211; Ballet, 6.<span>\u00a0 <\/span>&#8211; Ballsequa, 6.<span>\u00a0 <\/span>&#8211; Banchs, 7.<span>\u00a0 <\/span>&#8211; Banyeras, 7.<span>\u00a0 <\/span>&#8211; Banyuls, 8.<span>\u00a0 <\/span>&#8211; Banzo, 8. &#8211; Ba\u00f1ales, 6.<span>\u00a0 <\/span>&#8211; Baquedano, 8.<span>\u00a0 <\/span>&#8211; Baquer, 8.<span>\u00a0 <\/span>&#8211; Baquer\u00eda, 8.<span>\u00a0 <\/span>&#8211; Baranguer, 8.<span>\u00a0 <\/span>&#8211; Barbar\u00e0, 9.<span>\u00a0 <\/span>&#8211; Barbar\u00edn, 9.<span>\u00a0 <\/span>&#8211; Barbatuerra, 9.<span>\u00a0 <\/span>&#8211; Barbaza, 10. &#8211; Barco, 10. &#8211; Barcheta, 10. &#8211; Barder\u00ed, 10. &#8211; Bardoy, 10. &#8211; Bargas, 11. &#8211; Barluenga, 11. &#8211; Barquer, 11. &#8211; Barr\u00e1n, 13. &#8211; Barraquer, cardenal, 13. &#8211; Barri, 13. &#8211; Barriach, 13. &#8211; Barrientos, 13. &#8211; Barriga, 13. &#8211; Barril, 13. &#8211; Barrinat, 13.<span>\u00a0 <\/span>&#8211; Barrio.<span>\u00a0\u00a0 <\/span>&#8211; Barrionuevo, 14.<span>\u00a0 <\/span>&#8211; Barrios, 14. \u2013 Barta, &#8211; Barta, 14. &#8211; Bartol, 14.<span>\u00a0 <\/span>&#8211; Bartomeu, 14.<span>\u00a0 <\/span>&#8211; Bas, 15.<span>\u00a0 <\/span>&#8211; Bascan\u00f3, 15.<span>\u00a0 <\/span>&#8211; Bascarons, 15.<span>\u00a0 <\/span>&#8211; Basco, 15.<span>\u00a0 <\/span>&#8211; Bascuas, 15.<span>\u00a0 <\/span>&#8211; Basedas, 15. &#8211; Baselga, 15. <span>\u00a0<\/span>&#8211; Basot, 16.<span>\u00a0 <\/span><\/span><span style=\"font-family: Arial; color: black; font-size: 8.5pt\" lang=\"EN-GB\">&#8211; Basset, 16.<span>\u00a0 <\/span>&#8211; Basso, 16.<span>\u00a0 <\/span>&#8211; Bassols, 16.<span>\u00a0 <\/span>&#8211; Bassot, 16.<span>\u00a0 <\/span>&#8211; Bastard, 16.<span>\u00a0 <\/span>&#8211; Baster, 16.<span>\u00a0 <\/span>&#8211; Bastero, 16.<span>\u00a0 <\/span><\/span><span style=\"font-family: Arial; color: black; font-size: 8.5pt\" lang=\"ES-TRAD\">&#8211;<span>\u00a0 <\/span>Bast\u00f3, 17.<span>\u00a0 <\/span>&#8211; Bastons, 17.<span>\u00a0 <\/span>&#8211; Batalla, 17. &#8211;<span>\u00a0 <\/span>Bataller, 17.<span>\u00a0 <\/span><\/span><span style=\"font-family: Arial; color: black; font-size: 8.5pt\" lang=\"EN-GB\">\u2013 Batle, 18. \u2013 Baudet, 18. \u2013<span>\u00a0 <\/span>Baul\u00f3, 18. \u2013 Baus\u00e1, 18. \u2013 Bauz\u00e0, 18. \u2013 Bayad\u00e9, 18, &#8211; Bayarde, 18. \u2013 Bayarte, 18. \u2013 Bayarte, 18. \u2013 Bayer, 19. \u2013 Baylo, 19.<\/span><span style=\"font-family: Arial; color: black; font-size: 8.5pt\" lang=\"EN-GB\"><\/span><span style=\"font-family: Arial; color: black; font-size: 8.5pt\" lang=\"EN-GB\">\u00a0<\/span><span style=\"font-family: Arial; color: black; font-size: 8.5pt\" lang=\"EN-GB\"><\/span><span style=\"font-family: Arial; color: black; font-size: 8.5pt\" lang=\"EN-GB\"><\/span><strong><span style=\"font-family: Arial; color: green; font-size: 8.5pt\" lang=\"ES-TRAD\">Letra C: <\/span><\/strong><span style=\"font-family: Arial; color: black; font-size: 8.5pt\" lang=\"ES-TRAD\">Cabrerizo,<span>\u00a0 <\/span>5.<span>\u00a0 <\/span>&#8211; \u00c7acirera, 6.<span>\u00a0 <\/span>&#8211; \u00c7acosta, 6. &#8211; Cacho, 6.<span>\u00a0 <\/span>&#8211; Calatayud, 8. &#8211; Calbos, 8.<span>\u00a0 <\/span>&#8211; Cal\u00eds,<span>\u00a0 <\/span>mosen, 10.<span>\u00a0 <\/span>&#8211; Calo, 10.<span>\u00a0 <\/span>&#8211; Calsa, 11.<span>\u00a0 <\/span>&#8211; Calsador, 11.<span>\u00a0 <\/span>&#8211; Calsena, 11.<span>\u00a0 <\/span>&#8211; Calser, 11.<span>\u00a0 <\/span>&#8211; Calvet, 11.<span>\u00a0 <\/span>&#8211; Calvillo, 11.<span>\u00a0 <\/span>&#8211; Calv\u00eds, 11.<span>\u00a0 <\/span>&#8211; Calzador, 11.<span>\u00a0 <\/span>&#8211; Call, 10.<span>\u00a0 <\/span>&#8211; Call\u00e9n, 10. &#8211; Call\u00eds, 10.<span>\u00a0 <\/span>&#8211; Call\u00fas, 10.<span>\u00a0 <\/span>&#8211; Camacho, 11. &#8211; Camallonga, 12.<span>\u00a0 <\/span>&#8211; \u00c7amas\u00f3, 12.<span>\u00a0 <\/span>&#8211; Camatjo, 12. &#8211; Cambra, 13.<span>\u00a0 <\/span><\/span><span style=\"font-family: Arial; color: black; font-size: 8.5pt\" lang=\"EN-GB\">&#8211; Cam\u00edn, 13. &#8211; Camma\u00f1, 13.<span>\u00a0 <\/span><\/span><span style=\"font-family: Arial; color: black; font-size: 8.5pt\" lang=\"ES-TRAD\">&#8211; Cammany, 13. &#8211; Cam\u00f3n, 13.<span>\u00a0 <\/span>&#8211; Camor, 13.<span>\u00a0 <\/span>&#8211; Cam\u00f3s, 13.<span>\u00a0 <\/span>&#8211; Cam\u00f3s de Pineda, 13.<span>\u00a0 <\/span>&#8211; Campamar, 14.<span>\u00a0 <\/span>&#8211; Campaner, 14.<span>\u00a0 <\/span>&#8211; Campani, 14.<span>\u00a0 <\/span>&#8211; Campdasens, 14.<span>\u00a0 <\/span>&#8211; Campfull\u00f3s, 14.<span>\u00a0 <\/span>&#8211; Campi, 14.<span>\u00a0 <\/span>&#8211; Campillo, 14.<span>\u00a0 <\/span>&#8211; Campins, 14.<span>\u00a0 <\/span>&#8211; Campmany, 14.<span>\u00a0 <\/span>&#8211; Campo, 14.<span>\u00a0 <\/span>&#8211; Campo de Arbe, 14.<span>\u00a0 <\/span>&#8211; Camporel, 15.<span>\u00a0 <\/span>&#8211; Camporells, 15. &#8211; Campos, 15.<span>\u00a0 <\/span>&#8211; Campredon, 15.<span>\u00a0 <\/span>\u2013 Camprodon, 15. \u2013 Camptor, 15. \u2013 Canal, 15.<span>\u00a0 <\/span>\u2013 Canales, 15 \u2013 Canals, 16 \u2013 Canaples, 16. \u2013 Ca\u00f1ardo, 16. \u2013<span>\u00a0 <\/span>Canat, 16. \u2013 Canaves, 16. \u2013 Cancer, 16. \u2013 Candi, 16. \u2013 Canes, 17 \u2013 Canet, 17. \u2013 Canyet, 17. \u2013 Canet el Noble, 17. \u2013 Canisar, 17.<span>\u00a0 <\/span>\u2013 Cano, 18. \u2013 Canta, 18. \u2013 Cantarelles, 18. \u2013 Canter, 18.<span>\u00a0 <\/span>\u2013 Cant\u00edn, 18. \u2013 Cantoni, 18. \u2013 Canyelles, 19. \u2013 Canyisar, 19. \u2013 Cao de Ben\u00f3s, 19. \u2013 Caors, 19. \u2013 Capablo, 19. \u2013 Capella, 20. \u2013 Capilla, 20. \u2013 Capllonch, 20. \u2013 Capmani, 20. \u2013 Caralt, 21. \u2013 Carbajal, 21. \u2013 Carb\u00f3, 21. \u2013 Carb\u00ed, 21. \u2013 Cardell, 22. \u2013 Cardiel, 22. \u2013 Card\u00f3s, 24. \u2013 Card\u00fas, 24, &#8211; Caritat, 24. \u2013 Carl\u00e1n, 24. &#8211;\u00a0<\/span><span style=\"font-family: Arial; color: black\" lang=\"ES-TRAD\"><font size=\"2\">\u00a0<\/font><\/span><span style=\"font-family: Arial; color: black\" lang=\"ES-TRAD\"><\/span><span style=\"font-family: Arial; color: black\" lang=\"ES-TRAD\"><\/span><strong><span style=\"font-family: Arial; color: green; font-size: 8.5pt\" lang=\"ES-TRAD\">Letra D: <\/span><\/strong><span style=\"font-family: Arial; color: black; font-size: 8.5pt\" lang=\"ES-TRAD\">Dalmao, 1. \u2013 Daqui, 2. \u2013 Darderes, 2. \u2013 <span>\u00a0<\/span>Daroca, 3. \u2013 Dauder, 3. \u2013 <span>\u00a0<\/span>De Coll, 4. \u2013 De la Torre, 4. \u2013 Del Castillo, 5. \u2013 Delafaye, 5. \u2013 Del\u00e1s, 5. \u2013 Dell\u00f3, 5. \u2013 Delpuig, 6. \u2013 Densese, 7. \u2013 Depastor, 7. \u2013 Dernius, 7. \u2013 Desbac, 7. \u2013 Desbachs, 7. \u2013 Desbanchs, 7. \u2013 Deblore, 7. \u2013 Desbocq, 7. \u2013 Desbosc, 7. \u2013 Desbosque, 7. \u2013 <span>\u00a0<\/span>Desbrau, 7. \u2013 Desbrull, 7. \u2013 Descallar, 8. \u2013 Descasover, 8. \u2013 Desclap\u00e9s, 9. \u2013 Desclopets,<span>\u00a0 <\/span>9. \u2013 Descornalbou, 9. \u2013 Descors, 10. \u2013 Desc\u00f3s, 10. \u2013 Desflor, 10. \u2013 Desfran, 10. \u2013 Desgastell, 10. \u2013 Desgatell, 10. \u2013 Desguanechs Ortaf\u00e0, 10 \u2013 Desguarets, 10. \u2013 Desgurb, 11. \u2013 Desllor, 11. \u2013 Desm\u00e1s, 11. \u2013 Desmur, 11. \u2013 Despalau, 12. \u2013 Despasey, 12. \u2013 Desperes, 11. \u2013 Despleda, 12. \u2013 Desportell, 13. \u2013 Destany, 14. \u2013 Destau, 14.<\/span><\/p>\n","protected":false},"excerpt":{"rendered":"<p>Escudo del rey Alfonso XIII con la Corona real por cimera. &nbsp; LA CORONA EN LA HER\u00c1LDICA ESPA\u00d1OLA La corona es una distinci\u00f3n de las m\u00e1s antiguas. Por ella\u00a0puede clasificarse o identificarse la jerarqu\u00eda de la persona que la usa en su cabeza o sobre su escudo de armas. Puede saberse si un rey, un &#8230; <a title=\"Las Coronas en la Her\u00e1ldica espa\u00f1ola\" class=\"read-more\" href=\"https:\/\/www.armoria.info\/actualizaciones\/las-coronas-en-la-heraldica-espanola\/\" aria-label=\"Leer m\u00e1s sobre Las Coronas en la Her\u00e1ldica espa\u00f1ola\">Leer m\u00e1s<\/a><\/p>\n","protected":false},"author":1,"featured_media":0,"comment_status":"open","ping_status":"open","sticky":false,"template":"","format":"standard","meta":[],"categories":[2,3,4],"tags":[],"_links":{"self":[{"href":"https:\/\/www.armoria.info\/actualizaciones\/wp-json\/wp\/v2\/posts\/221"}],"collection":[{"href":"https:\/\/www.armoria.info\/actualizaciones\/wp-json\/wp\/v2\/posts"}],"about":[{"href":"https:\/\/www.armoria.info\/actualizaciones\/wp-json\/wp\/v2\/types\/post"}],"author":[{"embeddable":true,"href":"https:\/\/www.armoria.info\/actualizaciones\/wp-json\/wp\/v2\/users\/1"}],"replies":[{"embeddable":true,"href":"https:\/\/www.armoria.info\/actualizaciones\/wp-json\/wp\/v2\/comments?post=221"}],"version-history":[{"count":0,"href":"https:\/\/www.armoria.info\/actualizaciones\/wp-json\/wp\/v2\/posts\/221\/revisions"}],"wp:attachment":[{"href":"https:\/\/www.armoria.info\/actualizaciones\/wp-json\/wp\/v2\/media?parent=221"}],"wp:term":[{"taxonomy":"category","embeddable":true,"href":"https:\/\/www.armoria.info\/actualizaciones\/wp-json\/wp\/v2\/categories?post=221"},{"taxonomy":"post_tag","embeddable":true,"href":"https:\/\/www.armoria.info\/actualizaciones\/wp-json\/wp\/v2\/tags?post=221"}],"curies":[{"name":"wp","href":"https:\/\/api.w.org\/{rel}","templated":true}]}}