{"id":198,"date":"2009-04-29T18:53:22","date_gmt":"2009-04-29T16:53:22","guid":{"rendered":"http:\/\/www.armoria.info\/actualizaciones\/index.php\/enlaces\/la-asamblea-del-toison-de-oro-en-la-catedral-de-barcelona\/198"},"modified":"2009-12-29T12:23:44","modified_gmt":"2009-12-29T10:23:44","slug":"la-asamblea-del-toison-de-oro-en-la-catedral-de-barcelona","status":"publish","type":"post","link":"https:\/\/www.armoria.info\/actualizaciones\/la-asamblea-del-toison-de-oro-en-la-catedral-de-barcelona\/","title":{"rendered":"La Asamblea del Tois\u00f3n de Oro en la Catedral de Barcelona"},"content":{"rendered":"<p style=\"margin-top: 0cm; margin-right: 0cm; margin-bottom: 0pt; margin-left: 0cm\" class=\"MsoTitle\" align=\"center\"><span style=\"font-family: Verdana; font-size: 10pt\" lang=\"ES-TRAD\"><\/span><\/p>\n<p style=\"margin-top: 0cm; margin-right: 0cm; margin-bottom: 0pt; margin-left: 0cm\" class=\"MsoTitle\" align=\"center\"><span style=\"font-family: Verdana; font-size: 10pt\" lang=\"ES-TRAD\"><\/span><\/p>\n<p style=\"margin-top: 0cm; margin-right: 0cm; margin-bottom: 0pt; margin-left: 0cm\" class=\"MsoTitle\" align=\"center\"><span style=\"font-family: Verdana; font-size: 10pt\" lang=\"ES-TRAD\"><\/span><\/p>\n<p style=\"margin-top: 0cm; margin-right: 0cm; margin-bottom: 0pt; margin-left: 0cm\" class=\"MsoTitle\" align=\"center\"><span style=\"font-family: Verdana; font-size: 10pt\" lang=\"ES-TRAD\"><\/span><\/p>\n<p style=\"margin-top: 0cm; margin-right: 0cm; margin-bottom: 0pt; margin-left: 0cm\" class=\"MsoTitle\" align=\"center\"><span style=\"font-family: Verdana; font-size: 10pt\" lang=\"ES-TRAD\"><\/span><\/p>\n<p style=\"margin-top: 0cm; margin-right: 0cm; margin-bottom: 0pt; margin-left: 0cm\" class=\"MsoTitle\" align=\"center\"><span style=\"font-family: Verdana; font-size: 10pt\" lang=\"ES-TRAD\"><\/span><\/p>\n<p style=\"margin-top: 0cm; margin-right: 0cm; margin-bottom: 0pt; margin-left: 0cm\" class=\"MsoTitle\" align=\"center\"><span style=\"font-family: Verdana; font-size: 10pt\" lang=\"ES-TRAD\"><\/span><\/p>\n<p style=\"margin-top: 0cm; margin-right: 0cm; margin-bottom: 0pt; margin-left: 0cm\" class=\"MsoTitle\" align=\"center\"><span style=\"font-family: Verdana; font-size: 10pt\" lang=\"ES-TRAD\"><\/span><\/p>\n<p align=\"center\"><span style=\"font-family: Verdana; font-size: 10pt\" lang=\"ES-TRAD\"><strong><a href=\"https:\/\/www.armoria.info\/actualizaciones\/wp-content\/uploads\/2009\/04\/primera-portal-roma.jpg\" title=\"primera-portal-roma.jpg\"><\/a><a href=\"https:\/\/www.armoria.info\/actualizaciones\/wp-content\/uploads\/2009\/04\/portaferrisa-segunda-muralla-medieval.jpg\" title=\"portaferrisa-segunda-muralla-medieval.jpg\"><\/a><a href=\"https:\/\/www.armoria.info\/actualizaciones\/wp-content\/uploads\/2009\/04\/c-st-antoni-muralla-de-barcelona.jpg\" title=\"c-st-antoni-muralla-de-barcelona.jpg\"><\/a><a href=\"https:\/\/www.armoria.info\/actualizaciones\/wp-content\/uploads\/2009\/03\/cor-cat-de-bcn02.jpg\" title=\"cor-cat-de-bcn02.jpg\"><\/a><a href=\"https:\/\/www.armoria.info\/actualizaciones\/wp-content\/uploads\/2009\/03\/cor-cat-bcn08.JPG\" title=\"cor-cat-bcn08.JPG\"><\/a><a href=\"https:\/\/www.armoria.info\/actualizaciones\/wp-content\/uploads\/2009\/05\/sitial-carlos-i-cat-bcn.jpg\" title=\"sitial-carlos-i-cat-bcn.jpg\"><\/a><a href=\"https:\/\/www.armoria.info\/actualizaciones\/wp-content\/uploads\/2009\/05\/cat-de-bcn05.jpg\" title=\"cat-de-bcn05.jpg\"><\/a><a href=\"https:\/\/www.armoria.info\/actualizaciones\/wp-content\/uploads\/2009\/05\/escut-carles-i.jpg\" title=\"escut-carles-i.jpg\"><\/a><a href=\"https:\/\/www.armoria.info\/actualizaciones\/wp-content\/uploads\/2009\/05\/escut-maximilan-i.jpg\" title=\"escut-maximilan-i.jpg\"><\/a><a href=\"https:\/\/www.armoria.info\/actualizaciones\/wp-content\/uploads\/2009\/04\/primera-portal-roma.jpg\" title=\"primera-portal-roma.jpg\"><img decoding=\"async\" src=\"https:\/\/www.armoria.info\/actualizaciones\/wp-content\/uploads\/2009\/04\/primera-portal-roma.jpg\" alt=\"primera-portal-roma.jpg\" \/><\/a><\/strong><\/span><\/p>\n<p><span style=\"font-family: Verdana; font-size: 10pt\" lang=\"ES-TRAD\"><\/span><span style=\"font-family: Verdana; font-size: 10pt\" lang=\"ES-TRAD\"><\/span><span style=\"font-family: Verdana; font-size: 10pt\" lang=\"ES-TRAD\"><\/span><span style=\"font-family: Verdana; font-size: 10pt\" lang=\"ES-TRAD\"><\/span><span style=\"font-family: Verdana; font-size: 10pt\" lang=\"ES-TRAD\"><\/span><span style=\"font-family: Verdana; font-size: 10pt\" lang=\"ES-TRAD\"><\/span><span style=\"font-family: Verdana; font-size: 10pt\" lang=\"ES-TRAD\"><\/span><span style=\"font-family: Verdana; font-size: 10pt\" lang=\"ES-TRAD\"><\/span><span style=\"font-family: Verdana; font-size: 10pt\" lang=\"ES-TRAD\"><\/span><span style=\"font-family: Verdana; font-size: 10pt\" lang=\"ES-TRAD\"><\/span><span style=\"font-family: Verdana; font-size: 10pt\" lang=\"ES-TRAD\"><\/span><\/p>\n<p style=\"text-align: center; margin-top: 0cm; margin-right: 0cm; margin-bottom: 0pt; margin-left: 0cm\" class=\"MsoNormal\" align=\"center\"><em><span style=\"font-family: Arial; color: black; font-size: 8pt\" lang=\"ES-TRAD\">Entrada de la primera muralla barcelonesa, construida por los romanos, dando entrada al antiguo n\u00facleo g\u00f3tico y donde hizo entrada el cortejo del rey Carlos I y los miembros caballeros del Tois\u00f3n de Oro en el a\u00f1o 1519.<\/span><\/em><\/p>\n<p><em><span style=\"font-family: Arial; color: black; font-size: 8pt\" lang=\"ES-TRAD\"><\/span><\/em><\/p>\n<p align=\"center\"><span style=\"font-family: Verdana; font-size: 10pt\" lang=\"ES-TRAD\"><span style=\"font-family: Arial; color: red; font-size: 16pt\" lang=\"ES-TRAD\"><\/span><\/span><\/p>\n<p align=\"center\"><span style=\"font-family: Verdana; font-size: 10pt\" lang=\"ES-TRAD\"><\/span><\/p>\n<p align=\"center\"><span style=\"font-family: Verdana; font-size: 10pt\" lang=\"ES-TRAD\"><\/span><\/p>\n<p align=\"center\"><span style=\"font-family: Verdana; font-size: 10pt\" lang=\"ES-TRAD\"><strong>LA ASAMBLEA DEL TOIS\u00d3N DE ORO EN BARCELONA<\/strong><\/span><span style=\"font-family: Verdana; font-size: 10pt\" lang=\"ES-TRAD\">\u00a0<\/span><\/p>\n<p><span style=\"font-family: Verdana; font-size: 10pt\" lang=\"ES-TRAD\"><\/span><span style=\"font-family: Verdana; font-size: 10pt\" lang=\"ES-TRAD\"><\/span><span style=\"font-family: Verdana; font-size: 10pt\" lang=\"ES-TRAD\">La celebraci\u00f3n en marzo del a\u00f1o 1519 de la XIX Asamblea del Tois\u00f3n de Oro, fue todo un acontecimiento festivo para los ciudadanos de Barcelona, se engalanaron las casas se limpiaron las calles, ya de por s\u00ed limpias gracias a las severas Ordenanzas del Consell de Cent, \u00e9stos se vistieron con las mejores galas para recibir al rey Carlos I de Espa\u00f1a y V de Alemania, y a los se\u00f1ores nobles espa\u00f1oles y europeos, desplazados a la Ciudad Condal para celebrar este gran acontecimiento fueron agasajados con extremada cortes\u00eda por el Consistorio y los nobles barceloneses que los hospedaron en sus palacios.<\/span><span style=\"font-family: Verdana; font-size: 10pt\" lang=\"ES-TRAD\">\u00a0<\/span><span style=\"font-size: 10pt\" lang=\"ES-TRAD\"><font face=\"Verdana\">Entr\u00f3, en Barcelona procedente de L\u00e9rida por el Cam\u00ed Ral (Camino Real), se desplaz\u00f3 con su s\u00e9quito al monasterio benedictino de Montserrat, donde despu\u00e9s de rendir homenaje a<span>\u00a0 <\/span>la Virgen de Montserrat, despach\u00f3 varios asuntos de Estado. <\/font><\/span><span style=\"font-size: 10pt\" lang=\"ES-TRAD\"><font face=\"Verdana\">Encamin\u00f3se despu\u00e9s de uno o dos d\u00edas de estancia en el monasterio monserratino hacia Martorell y Molins de Rei, poblaciones cercanas a Barcelona. Entr\u00f3 la comitiva real por la Creu Coberta (Cruz cubierta), que exist\u00eda en aquellos a\u00f1os.\u00a0<\/font><\/span><span style=\"font-size: 10pt\" lang=\"ES-TRAD\"><font face=\"Verdana\">\u00a0Atravesando por el portal de Sant Antoni de la tercera muralla medieval de la que no hay vestigios actualmente.<\/font><\/span><\/p>\n<p align=\"center\"><span style=\"font-size: 10pt\" lang=\"ES-TRAD\"><\/span><\/p>\n<p align=\"center\"><span style=\"font-size: 10pt\" lang=\"ES-TRAD\"><img decoding=\"async\" src=\"https:\/\/www.armoria.info\/actualizaciones\/wp-content\/uploads\/2009\/04\/portaferrisa-segunda-muralla-medieval.jpg\" alt=\"portaferrisa-segunda-muralla-medieval.jpg\" \/><\/span><\/p>\n<p align=\"center\"><span style=\"font-size: 10pt\" lang=\"ES-TRAD\"><em><span style=\"font-family: Arial; color: black; font-size: 8pt\" lang=\"ES-TRAD\">Portal de la llamada Portaferrisa (Puerta de Hierro), confluencia con Ramblas y la calle del mismo nombre, tambi\u00e9n traspas\u00f3 \u00e9sta segunda muralla para dirgirse a la catedral el Rey Carlos I. No quedan vestigios actualmente de esta muralla, excepto la fuente que deber\u00eda calmar la sed de los viajeros y de los ciudadanos de Barcelona. Mosaico representando la muralla. <\/span><\/em><\/span><\/p>\n<p align=\"center\"><span style=\"font-size: 10pt\" lang=\"ES-TRAD\"><\/span><\/p>\n<p align=\"center\"><span style=\"font-size: 10pt\" lang=\"ES-TRAD\"><img decoding=\"async\" src=\"https:\/\/www.armoria.info\/actualizaciones\/wp-content\/uploads\/2009\/04\/c-st-antoni-muralla-de-barcelona.jpg\" alt=\"c-st-antoni-muralla-de-barcelona.jpg\" \/>\u00a0<\/span><\/p>\n<p><span style=\"font-size: 10pt\" lang=\"ES-TRAD\"><em><span style=\"font-family: Arial; color: black; font-size: 8pt\" lang=\"ES-TRAD\">Tercera muralla medieval en la calle Sant Antoni Abad. No quedan vestigios de esta muralla, puede observarse el edificio g\u00f3tico civil.<\/span><\/em><\/span><span style=\"font-size: 10pt\" lang=\"ES-TRAD\"><em><span style=\"font-family: Arial; color: black; font-size: 8pt\" lang=\"ES-TRAD\"><\/span><\/em><\/span><span style=\"font-size: 10pt\" lang=\"ES-TRAD\"><span style=\"font-family: Arial; color: black; font-size: 8pt\" lang=\"ES-TRAD\"><strong><span style=\"font-family: Verdana; color: #993300; font-size: 10pt\" lang=\"ES-TRAD\">Recibimiento de los barceloneses<\/span><\/strong><\/span><\/span><\/p>\n<p align=\"left\"><span style=\"font-size: 10pt\" lang=\"ES-TRAD\"><\/span><\/p>\n<p align=\"center\"><span style=\"font-size: 10pt\" lang=\"ES-TRAD\"><\/span><\/p>\n<p align=\"center\"><span style=\"font-size: 10pt\" lang=\"ES-TRAD\"><\/span><\/p>\n<p align=\"center\"><span style=\"font-size: 10pt\" lang=\"ES-TRAD\"><\/span><\/p>\n<p align=\"center\"><span style=\"font-size: 10pt\" lang=\"ES-TRAD\"><\/span><\/p>\n<p><span style=\"font-size: 10pt\" lang=\"ES-TRAD\"><\/span><span style=\"font-size: 10pt\" lang=\"ES-TRAD\"><\/span><span style=\"font-size: 10pt\" lang=\"ES-TRAD\"><font face=\"Verdana\">En la Ciudad Condal, salieron a recibirle los Consellers de la Generalitat y miembros del Consistorio barcelon\u00e9s, igual que la primera vez que visit\u00f3 la ciudad. Pernoct\u00f3 en el monasterio de Valldoncella ya entrada la noche donde cen\u00f3 y descans\u00f3 despu\u00e9s de tan largo viaje.<\/font><\/span><span style=\"font-size: 10pt\" lang=\"ES-TRAD\"><font face=\"Verdana\">\u00a0<\/font><\/span><span style=\"font-family: Verdana; font-size: 10pt\" lang=\"ES-TRAD\">Al d\u00eda siguiente entr\u00f3 en la capital catalana, por la Portaferrisa siguiendo hasta la plaza de la catedral, con la gente del pueblo vitore\u00e1ndolo en medio de trompeter\u00edas y fanfarrias, enarbolando los pendones y banderas. En las escaleras catedralicias le esperaban las autoridades barcelonesas y el obispo, can\u00f3nigos y todos los prelados eclesi\u00e1sticos de aquel entonces.<\/span><span style=\"font-family: Verdana; font-size: 10pt\" lang=\"ES-TRAD\"><span>\u00a0<img decoding=\"async\" loading=\"lazy\" src=\"https:\/\/www.armoria.info\/actualizaciones\/wp-content\/uploads\/2009\/03\/cor-cat-de-bcn02.jpg\" style=\"width: 671px; height: 387px\" alt=\"cor-cat-de-bcn02.jpg\" width=\"671\" height=\"387\" \/><\/span><\/span><\/p>\n<p align=\"center\"><span style=\"font-family: Verdana; font-size: 10pt\" lang=\"ES-TRAD\"><span><em><span style=\"font-family: Arial; font-size: 8pt\" lang=\"ES-TRAD\">Vista lateral y frontal derecha, con los sitiales y escudos al frente el del Emperador Maximiliano y el rey de Francia, en medio paneles laudatorios<\/span><\/em><\/span><\/span><span style=\"font-family: Verdana; font-size: 10pt\" lang=\"ES-TRAD\"><span><\/span><\/span><\/p>\n<p><span style=\"font-family: Verdana; font-size: 10pt\" lang=\"ES-TRAD\"><span><\/span><\/span><span style=\"font-family: Verdana; font-size: 10pt\" lang=\"ES-TRAD\"><span><\/span><\/span><span style=\"font-family: Verdana; font-size: 10pt\" lang=\"ES-TRAD\"><span><\/span><\/span><span style=\"font-family: Verdana; font-size: 10pt\" lang=\"ES-TRAD\"><span><\/span><\/span><span style=\"font-family: Verdana; font-size: 10pt\" lang=\"ES-TRAD\"><span><\/span><\/span><span style=\"font-family: Verdana; font-size: 10pt\" lang=\"ES-TRAD\"><span><\/span><\/span><span style=\"font-family: Verdana; font-size: 10pt\" lang=\"ES-TRAD\"><span>\u00a0<\/span>En la catedral barcelonesa <\/span><span style=\"font-family: Verdana; font-size: 10pt\">el solemne capitulo de la Orden del Tois\u00f3n de Oro, acompa\u00f1ado de catorce Caballeros, <\/span><span style=\"font-family: Verdana; font-size: 10pt\" lang=\"ES-TRAD\">declar\u00f3 la abertura del II cap\u00edtulo, <\/span><span style=\"font-family: Verdana; font-size: 10pt\">\u00fanico celebrado en tierra espa\u00f1ola, destaca el elevado n\u00famero de personas que eran miembros de la Orden en ese momento, cuyos nombres y escudos policromados aparecen en el respaldo de las sillas altas en grandes paneles del coro de la catedral de la ciudad condal, lugar donde se reuni\u00f3 los caballeros convocados.<\/span><span style=\"font-family: Verdana; font-size: 10pt\">\u00a0<\/span><span style=\"font-family: Verdana; font-size: 10pt\">D<\/span><span style=\"font-family: Verdana; font-size: 10pt\" lang=\"ES-TRAD\">espu\u00e9s de un de acci\u00f3n de gracias y un r\u00e9quiem por los miembros ya fallecidos, cada miembro perteneciente a la Orden, ocup\u00f3 su sitial correspondiente, donde en la parte superior estaban pintadas sus armas y se dio comienzo del acto de la Asamblea despu\u00e9s de un largo ceremonial y presentaciones se cre\u00f3 a los siguientes caballeros por este orden: <\/span><span style=\"font-family: Verdana; font-size: 10pt\">Cristian, Rey de Dinamarca.<\/span><span style=\"font-family: Verdana; font-size: 10pt\">Segismundo, Rey de Polonia.<\/span><span style=\"font-family: Verdana; font-size: 10pt\">Jacobo de Luxemburgo, Conde de Gavre, Se\u00f1or de Fiennes.<\/span><span style=\"font-family: Verdana; font-size: 10pt\">Adri\u00e1n de Croy, Se\u00f1or de Beaurain.<\/span><span style=\"font-family: Verdana; font-size: 10pt\">Don Federico de Toledo, Duque de Alba.<\/span><span style=\"font-family: Verdana; font-size: 10pt\">Diego L\u00f3pez Pacheco, Duque de Escalona.<\/span><span style=\"font-family: Verdana; font-size: 10pt\">Diego Hurtado de Mendoza, Duque del Infantado.<\/span><span style=\"font-family: Verdana; font-size: 10pt\">Apaga Fern\u00e1ndez de Velasco, Duque de Fr\u00edas, Condestable de Castilla.<\/span><span style=\"font-family: Verdana; font-size: 10pt\">\u00c1lvaro de Z\u00fa\u00f1iga y Guzm\u00e1n, Duque de Bajar.<\/span><span style=\"font-family: Verdana; font-size: 10pt\">Fernando Ram\u00f3n, Folch, Duque de Cardona.<\/span><span style=\"font-family: Verdana; font-size: 10pt\">Fadrique Henr\u00edquez de Cabrera, Conde de M\u00f3dica, Almirante de Castilla.<\/span><span style=\"font-family: Verdana; font-size: 10pt\">\u00c1lvaro P\u00e9rez Osorio, Marqu\u00e9s de Astorga.<\/span><span style=\"font-family: Verdana; font-size: 10pt\">Pedro Antonio San Severino, Pr\u00edncipe de Bisignano.<\/span><span style=\"font-family: Verdana; font-size: 10pt\"><\/span><span style=\"font-family: Verdana; font-size: 10pt\"><\/span><span style=\"font-family: Verdana; font-size: 10pt\"><\/span><span style=\"font-family: Verdana; font-size: 10pt\"><\/span><span style=\"font-family: Verdana; font-size: 10pt\"><\/span><span style=\"font-family: Verdana; font-size: 10pt\"><\/span><span style=\"font-family: Verdana; font-size: 10pt\"><\/span><span style=\"font-family: Verdana; font-size: 10pt\">\u00a0<\/span><span style=\"font-family: Verdana; font-size: 10pt\">\u00a0<\/span><span style=\"font-family: Verdana; font-size: 10pt\">\u00a0<\/span><span style=\"font-family: Verdana; font-size: 10pt\"><\/span><span style=\"font-family: Verdana; font-size: 10pt\"><\/span><span style=\"font-family: Verdana; font-size: 10pt\"><\/span><span style=\"font-family: Verdana; font-size: 10pt\"><\/span><\/p>\n<h1 style=\"text-align: left; margin-top: 0cm; margin-right: 0cm; margin-bottom: 0pt; margin-left: 0cm\" align=\"left\"><font color=\"#993300\" size=\"2\" face=\"Verdana\">Construcci\u00f3n de la siller\u00eda del coro<\/font><\/h1>\n<p style=\"text-align: left; margin-top: 0cm; margin-right: 0cm; margin-bottom: 0pt; margin-left: 0cm\" align=\"left\">&nbsp;<\/p>\n<p><font face=\"Times New Roman\">\u00a0<\/font><span style=\"font-family: Verdana; font-size: 10pt\">\u00a0<\/span><font size=\"2\"><font face=\"Verdana\">En el a\u00f1o 1394 se encarg\u00f3 la construcci\u00f3n de los muros del coro a Pere Sanglada, escultor de gran renombre, que realizara la siller\u00eda del coro, viaj\u00f3 por orden del cabildo a Girona, Elna, Carcasona y finalmente a Brujas, donde compr\u00f3 la madera de roble muy apreciada por los tallistas para su ejecuci\u00f3n. Se rode\u00f3 de buenos ayudantes como Pere Oller y Antoni Canet, tambi\u00e9n de gran renombre en los c\u00edrculos art\u00edsticos. Empezando la primera fase del coro con la siller\u00eda en cuyos medallones de los brazales y en las misericordias, es donde se concentran las m\u00e1s importantes esculturas, su tem\u00e1tica es variada; los religiosos son los menos representados y son las escenas de danza, juegos y m\u00fasica entre otras las que llaman m\u00e1s la atenci\u00f3n.<\/font><\/font><font size=\"2\"><font face=\"Verdana\">Se encarga a Pere Sanglada la realizaci\u00f3n del p\u00falpito, tambi\u00e9n de roble, en forma de prisma, con un fondo arquitect\u00f3nico de tracer\u00edas y pin\u00e1culos donde hay quince im\u00e1genes representando entre otras a Jesucristo con San Pedro y San Pablo y otro panel de la Virgen con Santa Eulalia y Santa Catalina. En la parte inferior del p\u00falpito hay arquer\u00edas con claves de b\u00f3veda representando las de la catedral. Se finaliz\u00f3 en 1403.<\/font><\/font><font size=\"2\"><font face=\"Verdana\">A\u00f1os m\u00e1s tarde se continu\u00f3 el coro con la siller\u00eda de Mat\u00edas Bonaf\u00e9 que tall\u00f3 otras 48 sillas finalizando en el a\u00f1o 1459. Con esta obra, pas\u00f3 la de Pere Sanglada a ser la siller\u00eda alta.<\/font><\/font><font size=\"2\"><font face=\"Verdana\">El alem\u00e1n Michael Lochner fue el encargado en 1483 de las tallas de los doseles en forma de altos pin\u00e1culos que por su muerte en 1490, tuvo que continuar su ayudante Johan Friederich Kassel, hasta el a\u00f1o 1497.<\/font><\/font><font size=\"2\"><font face=\"Verdana\">En 1517, el escultor Bartolom\u00e9 Ord\u00f3\u00f1ez realiza las mamparas para el acceso a la siller\u00eda con escenas del Antiguo Testamento y la Pasi\u00f3n.<\/font><\/font><font size=\"2\"><font face=\"Verdana\"><span><\/span><strong><span style=\"color: #993300\">\u00a0<\/span><\/strong><\/font><\/font><\/p>\n<p align=\"center\"><font size=\"2\"><font face=\"Verdana\"><strong><span style=\"color: #993300\">\u00a0<img decoding=\"async\" src=\"https:\/\/www.armoria.info\/actualizaciones\/wp-content\/uploads\/2009\/03\/cor-cat-bcn08.JPG\" alt=\"cor-cat-bcn08.JPG\" \/><\/span><\/strong><\/font><\/font><\/p>\n<p align=\"center\"><font size=\"2\"><font face=\"Verdana\"><span style=\"color: #993300\"><em><span style=\"font-family: Arial; font-size: 8pt\" lang=\"ES-TRAD\"><font color=\"#000000\">Vista lateral izquierda con los blasones de la nobleza de Castilla.<\/font><\/span><\/em><\/span><\/font><\/font><font size=\"2\"><font face=\"Verdana\"><strong><span style=\"color: #993300\"><\/span><\/strong><\/font><\/font><\/p>\n<p><font size=\"2\"><font face=\"Verdana\"><strong><span style=\"color: #993300\"><\/span><\/strong><\/font><\/font><font size=\"2\"><font face=\"Verdana\"><strong><span style=\"color: #993300\"><\/span><\/strong><\/font><\/font><font size=\"2\"><font face=\"Verdana\"><strong><span style=\"color: #993300\">Blasones de los asistentes<\/span><\/strong><\/font><\/font><font size=\"2\"><font face=\"Verdana\"> <\/font><\/font><font size=\"2\"><font face=\"Verdana\"><span style=\"font-family: Verdana; font-size: 10pt\">\u00a0<\/span><span style=\"font-family: Verdana; font-size: 10pt\">Los blasones de los asistentes convocados fueron pintados por Juan de Borgo\u00f1a y de ellos puede decirse que son de una gran belleza crom\u00e1tica, por la gran variedad de esmaltes, particiones, piezas y muebles que contienen, es el gran deleite de los heraldistas y actualmente de los turistas extranjeros y espa\u00f1oles.<\/span><span style=\"font-family: Verdana; font-size: 10pt\">\u00a0<\/span><span style=\"font-family: Verdana; font-size: 10pt\">El pintor citado pint\u00f3 los 64 paneles her\u00e1ldicos de los sitiales<sup>. <\/sup>Sigui\u00f3 en ellos la est\u00e9tica de los Cap\u00edtulos del Tois\u00f3n de Oro. Thomas Isaac, rey de armas <em>Toison d&#8217;Or,<\/em> supervis\u00f3 personalmente su ejecuci\u00f3n, haciendo observar las leyes del blas\u00f3n y el orden de precedencia en los 50 sitiales de los caballeros, a los que se a\u00f1aden el del Soberano, el del Emperador Maximiliano, otros 6 respaldos decorados con frases laudatorias, 4 m\u00e1s con divisas borgo\u00f1onas y 2 con las fechas de celebraci\u00f3n del Cap\u00edtulo. Hay otros cuatro paneles m\u00e1s estrechos en los chaflanes de los pies, flanqueando al sitial de esquina respectivo. Los errores en los esmaltes de algunos escudos se deben al nefasto repinte que sufrieron en 1748. Pese a ello, podemos afirmar que nos encontramos ante la siller\u00eda del Tois\u00f3n de Oro m\u00e1s bella y suntuosa de Europa.<\/span><span style=\"font-family: Verdana; font-size: 10pt\">En el plano art\u00edstico, seg\u00fan los entendidos, esta siller\u00eda de la Catedral de Barcelona supera con creces a las siller\u00edas de coro de la Iglesia de Nuestra Se\u00f1ora de Brujas (1468) y de la Catedral de San Salvador (1478) de la misma ciudad, que han conservado sus tablas armoriadas \u00edntegramente. No tuvieron tanta suerte otras siller\u00edas, aunque han sobrevivido hasta nuestros dias escudos que formaron parte de ellas en diferentes museos Museo del H\u00f4tel Sandelin, Saint-Omer.\u00a0<\/span><span style=\"font-family: Verdana; font-size: 10pt\">\u00a0<\/span><\/font><\/font><font size=\"2\"><font face=\"Verdana\"><span style=\"font-family: Verdana; font-size: 10pt\"><\/span><\/font><\/font><\/p>\n<p align=\"center\"><font size=\"2\"><font face=\"Verdana\"><span style=\"font-family: Verdana; font-size: 10pt\"><img decoding=\"async\" src=\"https:\/\/www.armoria.info\/actualizaciones\/wp-content\/uploads\/2009\/05\/escut-carles-i.jpg\" alt=\"escut-carles-i.jpg\" \/><\/span><\/font><\/font><\/p>\n<p align=\"center\"><font size=\"2\"><font face=\"Verdana\"><span style=\"font-family: Verdana; font-size: 10pt\"><em><span style=\"font-family: Arial; font-size: 8pt\" lang=\"ES-TRAD\">Panel con el escudo de armas del Carlos I, en el coro de la catedral de Barcelona<\/span><\/em><\/span><\/font><\/font><font size=\"2\"><font face=\"Verdana\"><span style=\"font-family: Verdana; font-size: 10pt\"><\/span><\/font><\/font><\/p>\n<h1 style=\"margin-top: 0cm; margin-right: 0cm; margin-bottom: 0pt; margin-left: 0cm\" align=\"left\"><font color=\"#993300\" size=\"2\" face=\"Verdana\">Distribuci\u00f3n<\/font><\/h1>\n<p><span style=\"font-family: Verdana; font-size: 10pt\"><\/span><\/p>\n<p style=\"margin-top: 0cm; margin-right: 0cm; margin-bottom: 0pt; margin-left: 0cm\" class=\"MsoBodyTextIndent\"><font size=\"2\" face=\"Verdana\">Carlos I, decide que la celebraci\u00f3n del XIX cap\u00edtulo de la orden del Tois\u00f3n de Oro sea en Barcelona y manda habilitar el coro de la catedral para la fecha del 5 de marzo de 1519. Juan de Borgo\u00f1a fue el encargado de pintar la correspondiente her\u00e1ldica en los 64 plafones de los sitiales, correpondientes a:<\/font><\/p>\n<p><span style=\"font-size: 10pt\"><font face=\"Verdana\">El soberano de la Orden, Carlos I, ocup\u00f3 la parte central de coro, teniendo a su izquierda el armorial de su abuelo, Maximiliano I, rey de los romanos y archiduque de Austria. Es de suponer que dejar\u00eda vac\u00edo, pues el rey recibi\u00f3 la noticia del fallecimiento de su abuelo Maximiliano estando en Barcelona.<\/font><\/span><span style=\"font-family: Verdana; font-size: 10pt\">\u00a0<\/span><span style=\"font-family: Verdana; font-size: 10pt\">En el lateral izquierdo aparecen los armoriales y nombres de las siguientes personas, sentadas por orden de proximidad al soberano de la Orden: Francisco I, rey de Francia; Lu\u00eds II, rey de Hungr\u00eda; Jaime de Luxemburgo, Sr. de Fiennes; Carlos, Conde de Lalaing; Floris d\u00b4Egmont, Sr. de Isselstein; Ferry de Croy, Sr. de Ronex; Fernando, infante de Castilla; Juan V,<span>\u00a0 <\/span>marqu\u00e9s de Brandemburgo; Hoier, conde de Mannsfeld; Felipe de Croy, conde de Porci\u00e9n; Antonio de Croy, Sr. de Saimpy; F\u00e9lix, conde de Wenderberg; Adolfo de Borgo\u00f1a, Sr. de Bevres de la Vere; Maximiliano de Hornes, Sr. de Gaerbecke; Juan II, Sr. de Trazegnies; Maximiliano de Berghes, Sr. de Zenvenberghe; Juan III, conde de Egmont; Diego L\u00f3pez Pacheco, duque de Escalona; I\u00f1igo de Velasco, condestable y duque de Fr\u00edas; Antonio Manrique de Lara, duque de N\u00e1jera; Pedro Antonio San Severino, pr\u00edncipe de Bisignano y duque de San Marcos y \u00c1lvaro P\u00e9rez-Osorio Qui\u00f1ones, marqu\u00e9s de Astorga.<\/span><span style=\"font-family: Verdana; font-size: 10pt\">\u00a0<\/span><span style=\"font-family: Verdana; font-size: 10pt\">En el lado derecho y tambi\u00e9n por orden de proximidad al soberano, nos encontramos con los nombres<span>\u00a0 <\/span>y armoriales de: Enrique VIII, rey de Inglaterra; Manuel I, rey de Portugal; Hugo de Melum, vizconde de Gante; Felipe, bastardo de Borgo\u00f1a y Obispo de Utrecht; Juan Manuel, Sr. de Belmonte; Jaime III, conde de Horns; Enrique III, conde de Nassau; Federico, conde palatino del Rhin y Duque de Baviera; Guy de la Baume, conde de Montrevel; Lorenzo de Gorrevod, bar\u00f3n de Monterrey; Jaime de Gavre, Sr. de Frezin; Antonio de Lalaing, conde de Hoogstrate; Carlos de Lannoy, Sr. de Senzelles; Miguel, Sr. de WolKenstein; Guillermo, Sr. de Ribaupierre; Juan, Sr. de Wassenaer y vizconde de Leyden; Francisco de Melum, conde d\u00b4Epinay; Fadrique de Toledo, duque de Alba; Diego Hurtado de Mendoza, duque del Infantado; \u00c1lvaro de Z\u00fa\u00f1iga, duque de B\u00e9jar; Fernando Ram\u00f3n, duque de Cardona; Federico Enr\u00edquez, conde de M\u00f3dica y almirante de Castilla y, por \u00faltimo, Felipe de Chalons, pr\u00edncipe de Orange, con la expresi\u00f3n \u201cNo investido\u201d.<\/span><span style=\"font-family: Verdana; font-size: 10pt\">\u00a0<\/span><span style=\"font-family: Verdana; font-size: 10pt\"><\/span><span style=\"font-family: Verdana; font-size: 10pt\">\u00a0<\/span><span style=\"font-family: Verdana; font-size: 10pt\"><img decoding=\"async\" src=\"https:\/\/www.armoria.info\/actualizaciones\/wp-content\/uploads\/2009\/05\/escut-maximilan-i.jpg\" alt=\"escut-maximilan-i.jpg\" \/><\/span><span style=\"font-family: Verdana; font-size: 10pt\"><\/span><span style=\"font-family: Verdana; font-size: 10pt\"><\/span><span style=\"font-family: Verdana; font-size: 10pt\"><\/span><\/p>\n<p style=\"margin-top: 0cm; margin-right: 0cm; margin-bottom: 0pt; margin-left: 0cm\" class=\"MsoNormal\"><em><span style=\"font-family: Arial; font-size: 8pt\" lang=\"ES-TRAD\">Escudo del Emperador Maximilian I, en la catedral de Barcelona<\/span><\/em><\/p>\n<p><span style=\"font-family: Verdana; font-size: 10pt\"><\/span><span style=\"font-family: Verdana; font-size: 10pt\"><\/span><span style=\"font-family: Verdana; font-size: 10pt\"><\/span><span style=\"font-family: Verdana; font-size: 10pt\">Se tiene tambi\u00e9n constancia de la asistencia al capitulo de Juan III, Sr. de Berghes y de Carlos de Croy, pr\u00edncipe de Chimay, que se situaron en lugares prominentes, al costado derecho del soberano de la Orden, y de Crist\u00f3bal, marqu\u00e9s de Baden y Guillermo de Croy, Sr. de Chievres, que hicieron lo propio en el lado izquierdo de Carlos I. Los sitiales correspondientes a estas cuatro personas, de gran influencia en el monarca, desaparecieron en el a\u00f1o 1563, con las obras efectuadas en el coro catedralicio.<\/span><span style=\"font-family: Verdana; font-size: 10pt\">\u00a0<\/span><span style=\"font-family: Verdana; font-size: 10pt\">\u00a0\u00a0<\/span><span style=\"font-family: Verdana; font-size: 10pt\"><\/span><span style=\"font-family: Verdana; font-size: 10pt\"><\/span><span style=\"font-family: Verdana; font-size: 10pt\">Destaca tambi\u00e9n la presencia espa\u00f1ola agolpada en los \u00faltimo lugares, los m\u00e1s alejados del puesto ocupado por el soberano; tambi\u00e9n ello resulta l\u00f3gico, pues el orden de colocaci\u00f3n coincid\u00eda con el orden de ingreso en la orden y, como tal, es con la llegada de Felipe el Hermoso a Castilla cuando empiezan a proliferar los nombramientos de los personajes m\u00e1s destacados de la nobleza espa\u00f1ola, en detrimento de la designaci\u00f3n de la nobleza flamenca para contentar de esta forma a los nobles espa\u00f1oles, muy quejosa con los nobles flamencos venidos a Espa\u00f1a con el rey Carlos, por la influencia que ejerc\u00edan al rey y los nombramientos que obtuvieron. Es as\u00ed, como fueron nombrados miembros de la Orden, sucesivamente, los duques de Alba, Escalona, Infantado, Fr\u00edas, B\u00e9jar, N\u00e1jera y Cardona, el Almirante de Castilla y el marqu\u00e9s de Astorga.<\/span><span style=\"font-family: Verdana; font-size: 10pt\">\u00a0<\/span><span style=\"font-family: Verdana; font-size: 10pt\"><\/span><span style=\"font-family: Verdana; font-size: 10pt\"><\/span><span style=\"font-family: Verdana; font-size: 10pt\">En resumen fue un gran acontecimiento para Espa\u00f1a y Barcelona tan magna celebraci\u00f3n.<\/span><span style=\"font-family: Verdana; font-size: 10pt\">\u00a0<\/span><span style=\"font-family: Verdana; font-size: 10pt\"><\/span><span style=\"font-family: Verdana; font-size: 10pt\"><\/span><span style=\"font-family: Verdana; font-size: 10pt\"><\/span><\/p>\n<p align=\"center\"><span style=\"font-family: Verdana; font-size: 10pt\"><\/span><span style=\"font-family: Verdana; font-size: 10pt\">\u00a0________<\/span><\/p>\n<p><span style=\"font-family: Verdana; font-size: 10pt\"><\/span><span style=\"font-family: Verdana; font-size: 10pt\"><\/span><\/p>\n<p style=\"text-align: center; margin-top: 0cm; margin-right: 0cm; margin-bottom: 0pt; margin-left: 0cm\" class=\"MsoNormal\" align=\"center\"><em><span style=\"font-family: Arial; color: green\" lang=\"ES-TRAD\"><font size=\"3\">Se ha realizado la actualizaci\u00f3n del \u201cLibro de Armoria\u201d, el d\u00eda 15 de mayo de 2009, con fotograf\u00edas a modo de ejemplo, de diferentes piezas y figuras del blas\u00f3n en el Glosario Her\u00e1ldico, y dibujos de escudos de varias familias de la Corona Catalonaragonesa.<\/font><\/span><\/em><\/p>\n<p style=\"text-align: center; margin-top: 0cm; margin-right: 0cm; margin-bottom: 0pt; margin-left: 0cm\" class=\"MsoNormal\" align=\"center\"><em><span style=\"font-family: Arial; color: green\" lang=\"ES-TRAD\"><\/span><\/em><\/p>\n<p style=\"text-align: center; margin-top: 0cm; margin-right: 0cm; margin-bottom: 0pt; margin-left: 0cm\" class=\"MsoNormal\" align=\"center\"><em><span style=\"font-family: Arial; color: green\" lang=\"ES-TRAD\"><\/span><\/em><\/p>\n<p><span style=\"font-family: Verdana; font-size: 10pt\"><\/span><span style=\"font-family: Verdana; font-size: 10pt\"><\/span><span style=\"font-family: Verdana; font-size: 10pt\"><\/span><\/p>\n<p style=\"margin-top: 0cm; margin-right: 0cm; margin-bottom: 0pt; margin-left: 0cm\" class=\"MsoBodyText\"><strong><span style=\"font-family: Arial; color: #993300\" lang=\"ES-TRAD\">Fotograf\u00edas pertenecientes al Glosario Her\u00e1ldico<\/span><\/strong><\/p>\n<p><span style=\"font-family: Arial; color: black\" lang=\"ES-TRAD\">Acial, 2.<span>\u00a0 <\/span>&#8211; Adormidera, 5. &#8211; Anzuelo, 3. &#8211; Bandera, 4.<span>\u00a0\u00a0 <\/span>&#8211; Cetro, 15.<span>\u00a0 <\/span>&#8211; Cimera, 18. &#8211; Cinchado, 18. \u2013 Corona de Bar\u00f3n italiano, 29.<span>\u00a0 <\/span>&#8211; Cortado y enclavado, 37.<span>\u00a0 <\/span>&#8211; Cruz de Constantino, 43.<span>\u00a0 <\/span>&#8211; Cruz de Sobrarbe, 44.<span>\u00a0 <\/span>&#8211; Cruz del Santo Sepulcro, 4.<span>\u00a0 <\/span>&#8211; Drag\u00f3n, 8.<span>\u00a0 <\/span>&#8211; Dragonado, 8.<span>\u00a0 <\/span>&#8211; Encina, 4.<span>\u00a0 <\/span>&#8211; Equipado, 8.<span>\u00a0 <\/span>&#8211; Estrella de ocho puntas, 15. &#8211; Faja reversada, 3. &#8211; Fraile, 8.<span>\u00a0 <\/span>&#8211; Grulla, 4. &#8211; Jefe, 1.<span>\u00a0 <\/span>&#8211; Mazonado, 5.<span>\u00a0 <\/span>&#8211; Orla, 3.<span>\u00a0 <\/span>&#8211; Panela, 4.<span>\u00a0 <\/span>&#8211; Parrilla, 5.<span>\u00a0 <\/span>&#8211; Penacho, 9.<span>\u00a0 <\/span>&#8211; Quinas, 1.<span>\u00a0 <\/span>&#8211; Rana, 1.<span>\u00a0 <\/span>&#8211; Rastrillo, 2.<span>\u00a0 <\/span>&#8211; Redorta, 4.<span>\u00a0 <\/span>&#8211; Remolacha, 4.<span>\u00a0 <\/span>&#8211; Resaltada, 5.<span>\u00a0 <\/span>&#8211; Rosal, 9.<\/span><strong><span style=\"font-family: Arial; color: #993300; font-size: 9pt\" lang=\"ES-TRAD\">\u00a0<\/span><\/strong><strong><span style=\"font-family: Arial; color: #993300; font-size: 9pt\" lang=\"ES-TRAD\">\u00a0<\/span><\/strong><strong><span style=\"font-family: Arial; color: #993300; font-size: 9pt\" lang=\"ES-TRAD\"><\/span><\/strong><strong><span style=\"font-family: Arial; color: #993300; font-size: 9pt\" lang=\"ES-TRAD\"><\/span><\/strong><strong><span style=\"font-family: Arial; color: #993300; font-size: 9pt\" lang=\"ES-TRAD\">Relaci\u00f3n de dibujos vectorizados:<\/span><\/strong><strong><span style=\"font-family: Arial; color: #993300; font-size: 9pt\" lang=\"ES-TRAD\">\u00a0<\/span><\/strong><strong><span style=\"font-family: Arial; color: #993300; font-size: 9pt\" lang=\"ES-TRAD\"><\/span><\/strong><strong><span style=\"font-family: Arial; color: #339966; font-size: 9pt\" lang=\"ES-TRAD\">Letra V:<\/span><\/strong><span style=\"font-family: Arial; color: black; font-size: 9pt\">Jaca, 1.- <\/span><span style=\"font-family: Arial; font-size: 9pt\">Jafer, 1. &#8211; Jafra, 1. &#8211; <span style=\"color: black\">Janet, 2.<span>\u00a0 <\/span>&#8211; Jans\u00e0, 2. &#8211; Januas, 2. &#8211; Jaraba, 2. &#8211; Jasa, 2.<span>\u00a0 <\/span>&#8211; Jaso, 2.<span>\u00a0 <\/span>&#8211; Jassa, 3.<span>\u00a0 <\/span>&#8211; Jaumandreu, 3. &#8211; Jaumar, 3.<span>\u00a0 <\/span>&#8211; Jaume, 3.<span>\u00a0 <\/span>&#8211; Jaunes, 3.<span>\u00a0 <\/span>&#8211; Jauregui, 3. &#8211; Jelpi, 3.<span>\u00a0 <\/span>&#8211; Jen\u00eds, 3.<span>\u00a0 <\/span>&#8211; Jerardina, 4.<span>\u00a0 <\/span>&#8211; Jim\u00e9nez de Andosilla, 4.<span>\u00a0 <\/span>&#8211; Jim\u00e9nez de Arag\u00fc\u00e9s, 4.<span>\u00a0 <\/span>&#8211; Jim\u00e9nez de Bag\u00fc\u00e9s, 4.<span>\u00a0 <\/span>&#8211; Jim\u00e9nez de la Fontana, 4.<span>\u00a0 <\/span>&#8211; Jim\u00e9nez de Lierta, 5.<span>\u00a0 <\/span>&#8211; Jim\u00e9nez de Urrea, 5. &#8211; Joan, 5.<span>\u00a0 <\/span>&#8211; Joch, 5.<span>\u00a0 <\/span>&#8211; Jofra, 5.<span>\u00a0 <\/span><\/span><\/span><span style=\"font-family: Arial; color: black; font-size: 9pt\" lang=\"EN-GB\">&#8211; Jofr\u00e8, 5.<span>\u00a0 <\/span>&#8211; Johan, 5.<span>\u00a0 <\/span><\/span><span style=\"font-family: Arial; color: black; font-size: 9pt\" lang=\"ES-TRAD\">&#8211; Jolit, 6.<span>\u00a0 <\/span>&#8211; Jolt, 6.<span>\u00a0 <\/span>&#8211; <\/span><span style=\"font-family: Arial; color: black; font-size: 9pt\">Jonama, 6. &#8211; Jorba, 6.<span>\u00a0 <\/span>&#8211; Jord\u00e0, 6.<span>\u00a0 <\/span>&#8211; Jord\u00e1n de Urr\u00edes, 6. &#8211; Jord\u00e1n, 6. &#8211; Jordana, 6.<span>\u00a0 <\/span>&#8211; Josa, 7.<span>\u00a0 <\/span>&#8211; Jou, 7.<\/span><span style=\"font-family: Arial; color: black; font-size: 9pt\">\u00a0<\/span><strong><span style=\"font-family: Arial; color: #339966; font-size: 9pt\" lang=\"ES-TRAD\">Letra L:<\/span><\/strong><span style=\"font-family: Arial; font-size: 9pt\" lang=\"ES-TRAD\">La Roca, 1.<span>\u00a0 <\/span>&#8211; La Torre, 1.<span>\u00a0 <\/span>&#8211; Labadia, 1.<span>\u00a0 <\/span>&#8211; Labori, 2.<span>\u00a0 <\/span>&#8211; Labrit de San Juan, 2.<span>\u00a0 <\/span>&#8211; Labrit, 2. &#8211; Lacabra, 2. &#8211; <\/span><span style=\"font-family: Arial; font-size: 9pt\" lang=\"ES-TRAD\">Lacumba o Lacomba, 4.<span>\u00a0 <\/span>&#8211; Lacy, 4.<span>\u00a0 <\/span>&#8211; Ladico, 4.<span>\u00a0 <\/span>&#8211; Lafarga, 4.<span>\u00a0 <\/span>&#8211; Lafont, 5. &#8211; Lafuente, 5. &#8211; Lagraba, 5.<span>\u00a0 <\/span>&#8211; <\/span><span style=\"font-family: Arial; font-size: 9pt\" lang=\"ES-TRAD\">Lagr\u00faa, 5.<span>\u00a0 <\/span>&#8211; Lamata, 6.<span>\u00a0 <\/span>&#8211; Lambea, 7. &#8211; Lamich, 7. &#8211; Lamora, 7.<span>\u00a0 <\/span>&#8211; Lanasuy, 7.<span>\u00a0 <\/span>&#8211;<span>\u00a0 <\/span>Lanau, 7.<span>\u00a0 <\/span>&#8211; Landelles, 8. &#8211; Langa, 8.<span>\u00a0 <\/span>&#8211; Langles, 8.<span>\u00a0 <\/span>&#8211; Lanzol, 9. &#8211; Lapezuela, 9. &#8211; Laplana, 9.<span>\u00a0 <\/span>&#8211; Laporta, 9.<span>\u00a0 <\/span>&#8211; Lapuente, 9.<span>\u00a0 <\/span>&#8211; Laraga, 9.<span>\u00a0 <\/span>&#8211; Lardi\u00e9s, 9.<span>\u00a0 <\/span>&#8211; Larraga, 10.<span>\u00a0 <\/span>&#8211; Larralde, 10.<span>\u00a0 <\/span>&#8211; Larrando de Maule\u00f3n, 10.<span>\u00a0 <\/span>&#8211; Larumbe, 11. &#8211; Lasa, 10.<span>\u00a0 <\/span>&#8211; Lascors, 11. &#8211; Lasera o Llaheras, 12. &#8211; Laserna y Molina, 12.<span>\u00a0 <\/span>&#8211; Laserra, 12.<span>\u00a0 <\/span>&#8211; Lastanosa, 12. &#8211; Latas, 12.<span>\u00a0 <\/span>&#8211; <\/span><span style=\"font-family: Arial; font-size: 9pt\" lang=\"ES-TRAD\">Lausaca, 10.<\/span><span style=\"font-family: Arial; font-size: 9pt\" lang=\"ES-TRAD\">\u00a0<\/span><\/p>\n<h3 style=\"margin-top: 0cm; margin-right: 0cm; margin-bottom: 1pt; margin-left: 0cm\"><span lang=\"EN-GB\"><font color=\"#339966\"><font face=\"Arial\"><font size=\"2\">Letra M: <\/font><\/font><\/font><\/span><\/h3>\n<p><span style=\"font-family: Arial\" lang=\"ES-TRAD\">Mach, 1.<span>\u00a0 <\/span>&#8211; Mach\u00edn, 1. \u2013 Machuca, 1. &#8211; Madalanes, 1. &#8211; Madrazo, 1. &#8211; Madronyo, 2. \u2013 Madronyo, 2. &#8211; Maestro, 2. &#8211; Magastre, 2. &#8211;<span>\u00a0 <\/span>Magrans, 2. &#8211; Maicas, 3. &#8211; Mahiques, 3. &#8211; Mahull, 3. &#8211; Mainar, 3. &#8211; Maisa\u00f1a, 3. &#8211; Majas, 4. &#8211;<\/span><span lang=\"ES-TRAD\"><span>\u00a0 <\/span><\/span><span style=\"font-family: Arial\" lang=\"ES-TRAD\">Malacara, 4. &#8211; Malars, 4. &#8211; Malarts, 4. &#8211; Malatesta, 4. &#8211; Mald\u00e1, 4. &#8211; Maldonado, 5. &#8211; Maler, 5.<span>\u00a0 <\/span>&#8211; <\/span><span style=\"font-family: Arial; font-size: 9pt\" lang=\"ES-TRAD\">Malet, 5. <span>\u00a0<\/span>&#8211; Malferit, 5.<span>\u00a0 <\/span>&#8211; Malgar, 5. -Malines, 5.<span>\u00a0 <\/span>&#8211; Mallol, 6.<span>\u00a0 <\/span>&#8211; Mallorcas, 6.<span>\u00a0 <\/span>&#8211; Mallorcas, 6.<span>\u00a0 <\/span>&#8211; Mallorques, 6.<span>\u00a0 <\/span>&#8211; Malo de Soria, 6. &#8211; Malo, 6.<span>\u00a0 <\/span>&#8211; Mal\u00f3n, 6.<span>\u00a0 <\/span>&#8211; Malonda, 6.<span>\u00a0 <\/span>&#8211; Malrich, 6.<span>\u00a0 <\/span>&#8211; Ma\u00f1\u00e1 o Many\u00e0, 7.<span>\u00a0 <\/span>&#8211; Managuerra, 7. &#8211; Manalt, 7.<span>\u00a0 <\/span>&#8211; Manca y Talamanca, 7.<span>\u00a0 <\/span>&#8211; Manca, 7.<span>\u00a0 <\/span>&#8211; Mandieses, 8.<span>\u00a0 <\/span>&#8211; Mandresa, 8.<span>\u00a0 <\/span>&#8211; Manera, 8.<span>\u00a0 <\/span>\u2013 Manero, 8.<span>\u00a0 <\/span>&#8211; Maneta, 8.<span>\u00a0 <\/span>&#8211; Manlleu, 8.<span>\u00a0 <\/span>&#8211; Manresa, 8. &#8211; Manrique, 9. &#8211; Many\u00e1, 9. &#8211; Manzano, 9. &#8211; Maranges, 9. &#8211; Mara\u00f1\u00f3n, 9. &#8211; Mar\u00e7\u00e0, 9.<\/span><span lang=\"EN-GB\"><font size=\"3\"><font face=\"Times New Roman\">\u00a0<\/font><\/font><\/span><strong><span style=\"font-family: Arial; color: green; font-size: 9pt\" lang=\"EN-GB\">Letra N:<\/span><\/strong><span style=\"font-family: Arial\" lang=\"ES-TRAD\">Nabal, 1.<span>\u00a0 <\/span>&#8211; Nabarrete, 1.<span>\u00a0 <\/span>\u2013 Nabasqu\u00e9s, 1.<span>\u00a0 <\/span>&#8211; Nagrell, 2.<span>\u00a0 <\/span>&#8211; Narbona, 2. &#8211; Narro, 2.<span>\u00a0 <\/span><\/span><span style=\"font-family: Arial\" lang=\"EN-GB\">&#8211; Nart, 2.<span>\u00a0 <\/span><\/span><span style=\"font-family: Arial\" lang=\"ES-TRAD\">&#8211; Narv\u00e1ez, 2. &#8211; Naspleda, 2.<span>\u00a0 <\/span>&#8211; Naubiola, 2.<span>\u00a0 <\/span>&#8211; Naval, 3.<span>\u00a0 <\/span>&#8211; Naval de Arpe, 3. &#8211; Navard\u00fan, 3.<span>\u00a0 <\/span>&#8211; Navarrete, 3.<span>\u00a0 <\/span>&#8211; Navarro, 3.<span>\u00a0 <\/span>&#8211; Navascu\u00e9s, 4.<span>\u00a0 <\/span>&#8211; Navata, 4.<span>\u00a0 <\/span>&#8211; Nav\u00e9s, 4.<span>\u00a0 <\/span>&#8211; Naya, 4. &#8211; Negre, 4.<span>\u00a0 <\/span>&#8211; Negrell, 4.<span>\u00a0 <\/span>&#8211; Negrete, 4.<span>\u00a0 <\/span>&#8211; Negro, 4.<span>\u00a0 <\/span>&#8211; Nicolau, 5.<span>\u00a0 <\/span>&#8211; Nicuesa, 5.<span>\u00a0 <\/span>&#8211; Nievesa, 5.<span>\u00a0 <\/span>&#8211; Ni\u00f1o, 5.<span>\u00a0 <\/span>&#8211; Niub\u00f3, 5.<span>\u00a0 <\/span>&#8211; Noell, 6.<span>\u00a0 <\/span>&#8211; Nogales, 6.<span>\u00a0 <\/span>&#8211; Noguera, 6. &#8211; Nogueras, 6.<span>\u00a0 <\/span>&#8211; Nogu\u00e9s, 6. &#8211; Nolasco, 6. &#8211; Nomen, 7.<span>\u00a0 <\/span>&#8211; Nonguel, 7.<span>\u00a0 <\/span>&#8211; Not, 7.<span>\u00a0 <\/span>&#8211; Nouvila, 7.<span>\u00a0 <\/span>&#8211; Novallas, 7.<span>\u00a0 <\/span>&#8211; Nueros, 8.<\/span><span style=\"font-family: Verdana; font-size: 10pt\"><\/span><span style=\"font-family: Verdana; font-size: 10pt\">J. Sanz<\/span><span style=\"font-family: Verdana; font-size: 10pt\"><\/span><span style=\"font-family: Verdana; font-size: 10pt\"><a href=\"http:\/\/www.armoria.info\/\">www.armoria.info<\/a><\/span><span style=\"font-family: Verdana; font-size: 10pt\"><\/span><\/p>\n<p align=\"center\"><span style=\"font-family: Verdana; font-size: 10pt\">______________________________-<\/span><\/p>\n","protected":false},"excerpt":{"rendered":"<p>Entrada de la primera muralla barcelonesa, construida por los romanos, dando entrada al antiguo n\u00facleo g\u00f3tico y donde hizo entrada el cortejo del rey Carlos I y los miembros caballeros del Tois\u00f3n de Oro en el a\u00f1o 1519. LA ASAMBLEA DEL TOIS\u00d3N DE ORO EN BARCELONA\u00a0 La celebraci\u00f3n en marzo del a\u00f1o 1519 de la &#8230; <a title=\"La Asamblea del Tois\u00f3n de Oro en la Catedral de Barcelona\" class=\"read-more\" href=\"https:\/\/www.armoria.info\/actualizaciones\/la-asamblea-del-toison-de-oro-en-la-catedral-de-barcelona\/\" aria-label=\"Leer m\u00e1s sobre La Asamblea del Tois\u00f3n de Oro en la Catedral de Barcelona\">Leer m\u00e1s<\/a><\/p>\n","protected":false},"author":1,"featured_media":0,"comment_status":"open","ping_status":"open","sticky":false,"template":"","format":"standard","meta":[],"categories":[3,4],"tags":[],"_links":{"self":[{"href":"https:\/\/www.armoria.info\/actualizaciones\/wp-json\/wp\/v2\/posts\/198"}],"collection":[{"href":"https:\/\/www.armoria.info\/actualizaciones\/wp-json\/wp\/v2\/posts"}],"about":[{"href":"https:\/\/www.armoria.info\/actualizaciones\/wp-json\/wp\/v2\/types\/post"}],"author":[{"embeddable":true,"href":"https:\/\/www.armoria.info\/actualizaciones\/wp-json\/wp\/v2\/users\/1"}],"replies":[{"embeddable":true,"href":"https:\/\/www.armoria.info\/actualizaciones\/wp-json\/wp\/v2\/comments?post=198"}],"version-history":[{"count":0,"href":"https:\/\/www.armoria.info\/actualizaciones\/wp-json\/wp\/v2\/posts\/198\/revisions"}],"wp:attachment":[{"href":"https:\/\/www.armoria.info\/actualizaciones\/wp-json\/wp\/v2\/media?parent=198"}],"wp:term":[{"taxonomy":"category","embeddable":true,"href":"https:\/\/www.armoria.info\/actualizaciones\/wp-json\/wp\/v2\/categories?post=198"},{"taxonomy":"post_tag","embeddable":true,"href":"https:\/\/www.armoria.info\/actualizaciones\/wp-json\/wp\/v2\/tags?post=198"}],"curies":[{"name":"wp","href":"https:\/\/api.w.org\/{rel}","templated":true}]}}