{"id":166,"date":"2008-11-21T13:59:33","date_gmt":"2008-11-21T11:59:33","guid":{"rendered":"http:\/\/www.armoria.info\/actualizaciones\/index.php\/libro-de-armoria\/el-casco-o-yelmo-actualizacion-del-mes-de-diciembre-de-2008\/166"},"modified":"2008-12-06T11:01:51","modified_gmt":"2008-12-06T09:01:51","slug":"el-casco-o-yelmo-actualizacion-del-mes-de-diciembre-de-2008","status":"publish","type":"post","link":"https:\/\/www.armoria.info\/actualizaciones\/el-casco-o-yelmo-actualizacion-del-mes-de-diciembre-de-2008\/","title":{"rendered":"El casco o yelmo &#8211; Actualizaci\u00f3n del mes de diciembre de 2008"},"content":{"rendered":"<p><span style=\"font-size: 9pt; color: #666666; font-family: Georgia\"><\/span><span style=\"font-size: 9pt; color: #666666; font-family: Georgia\"><\/span><span style=\"font-size: 9pt; color: #666666; font-family: Georgia\"><\/span><span style=\"font-size: 9pt; color: #666666; font-family: Georgia\"><\/span><span style=\"font-size: 9pt; color: #666666; font-family: Georgia\"><\/span><span style=\"font-size: 9pt; color: #666666; font-family: Georgia\"><\/span><span style=\"font-size: 9pt; color: #666666; font-family: Georgia\"><\/span><span style=\"font-size: 9pt; color: #666666; font-family: Georgia\"><\/span><span style=\"font-size: 9pt; color: #666666; font-family: Georgia\"><\/span><span style=\"font-size: 9pt; color: #666666; font-family: Georgia\"><\/span><span style=\"font-size: 9pt; color: #666666; font-family: Georgia\"><\/span><span style=\"font-size: 9pt; color: #666666; font-family: Georgia\"><\/span><span style=\"font-size: 9pt; color: #666666; font-family: Georgia\"><\/span><span style=\"font-size: 9pt; color: #666666; font-family: Georgia\"><\/span><span style=\"font-size: 9pt; color: #666666; font-family: Georgia\"><\/span><span style=\"font-size: 9pt; color: #666666; font-family: Georgia\"><\/span><span style=\"font-size: 9pt; color: #666666; font-family: Georgia\"><\/span><span style=\"font-size: 9pt; color: #666666; font-family: Georgia\"><\/span><span style=\"font-size: 9pt; color: #666666; font-family: Georgia\"><\/span><span style=\"font-size: 9pt; color: #666666; font-family: Georgia\"><\/p>\n<p align=\"center\" style=\"margin: 0cm 0cm 0pt; text-align: center\" class=\"MsoNormal\"><strong><em><span style=\"font-size: 14pt; color: green\"><font face=\"Times New Roman\"><a href=\"https:\/\/www.armoria.info\/actualizaciones\/wp-content\/uploads\/2008\/11\/jaume-i.jpg\" title=\"jaume-i.jpg\"><img decoding=\"async\" src=\"https:\/\/www.armoria.info\/actualizaciones\/wp-content\/uploads\/2008\/11\/jaume-i.jpg\" alt=\"jaume-i.jpg\" \/><\/a>\u00a0<\/font><\/span><\/em><\/strong><\/p>\n<p align=\"center\"><em><span style=\"font-size: 14pt; color: green\"><em><span style=\"font-size: 9pt; font-family: Arial\"><font color=\"#000000\">Labra her\u00e1ldica con el escudo, yelmo y cimera, atribuida a Jaime I el Conquistador en un edificio medieval de la ciudad de Valencia.<\/font><\/span><\/em><\/span><\/em><\/p>\n<p align=\"center\"><em><span style=\"font-size: 14pt; color: green\"><em><span style=\"font-size: 9pt; font-family: Arial\"><\/span><\/em><\/span><\/em><\/p>\n<p align=\"center\"><em><span style=\"font-size: 14pt; color: green\"><em><span style=\"font-size: 9pt; font-family: Arial\"><\/span><\/em><\/span><\/em><\/p>\n<p align=\"center\" style=\"margin: 0cm 0cm 0pt; text-align: center\" class=\"MsoNormal\"><strong><em><span style=\"font-size: 14pt; color: green\"><\/span><\/em><\/strong><\/p>\n<p align=\"center\" style=\"margin: 0cm 0cm 0pt; text-align: center\" class=\"MsoNormal\"><strong><em><span style=\"font-size: 14pt; color: green\"><font face=\"Times New Roman\">Actualizaci\u00f3n efectuada el 6 de diciembre dedicada en exclusiva a linajes de Arag\u00f3n, con fotograf\u00edas de escudo de armas de familias aragonesas<\/font><\/span><\/em><\/strong><\/p>\n<p align=\"center\" style=\"margin: 0cm 0cm 0pt; text-align: center\" class=\"MsoNormal\"><strong><em><span style=\"font-size: 14pt; color: green\"><\/span><\/em><\/strong><\/p>\n<p align=\"center\" style=\"margin: 0cm 0cm 0pt; text-align: center\" class=\"MsoNormal\"><strong><em><span style=\"font-size: 14pt; color: green\"><\/span><\/em><\/strong><\/p>\n<p><strong><em><span style=\"font-size: 14pt; color: green\"><\/span><\/em><\/strong><strong><em><span style=\"font-size: 14pt; color: green\"><\/span><\/em><\/strong><\/span><span style=\"font-size: 9pt; color: #666666; font-family: Georgia\"><\/span><span style=\"font-size: 9pt; color: #666666; font-family: Georgia\"><\/span><span style=\"font-size: 9pt; color: #666666; font-family: Georgia\"><\/span><span style=\"font-size: 9pt; color: #666666; font-family: Georgia\"><\/span><span style=\"font-size: 9pt; color: #666666; font-family: Georgia\"><\/span><span style=\"font-size: 9pt; color: #666666; font-family: Georgia\"><\/span><span style=\"font-size: 9pt; color: #666666; font-family: Georgia\"><\/span><span style=\"font-size: 9pt; color: #666666; font-family: Georgia\"><\/span><span style=\"font-size: 9pt; color: #666666; font-family: Georgia\"><\/span><span style=\"font-size: 9pt; color: #666666; font-family: Georgia\"><\/span><span style=\"font-size: 9pt; color: #666666; font-family: Georgia\"><\/span><span style=\"font-size: 9pt; color: #666666; font-family: Georgia\"><\/span><span style=\"font-size: 9pt; color: #666666; font-family: Georgia\"><\/span><span style=\"font-size: 9pt; color: #666666; font-family: Georgia\"><\/span><span style=\"font-size: 9pt; color: #666666; font-family: Georgia\"><\/span><span style=\"font-size: 9pt; color: #666666; font-family: Georgia\"><\/span><span style=\"font-size: 9pt; color: #666666; font-family: Georgia\"><\/span><span style=\"font-size: 9pt; color: #666666; font-family: Georgia\"><\/span><span style=\"font-size: 9pt; color: #666666; font-family: Georgia\"><\/span><span style=\"font-size: 9pt; color: #666666; font-family: Georgia\"><\/p>\n<p align=\"center\" style=\"margin: 0cm 0cm 0pt; text-align: center\" class=\"MsoNormal\"><strong><span style=\"font-size: 11pt; color: #666666; font-family: Arial\"><\/span><\/strong><\/p>\n<p align=\"center\" style=\"margin: 0cm 0cm 0pt; text-align: center\" class=\"MsoNormal\"><strong><span style=\"font-size: 11pt; color: #666666; font-family: Arial\"><\/span><\/strong><\/p>\n<p align=\"center\" style=\"margin: 0cm 0cm 0pt; text-align: center\" class=\"MsoNormal\"><strong><span style=\"font-size: 11pt; color: #666666; font-family: Arial\"><\/span><\/strong><\/p>\n<p align=\"center\" style=\"margin: 0cm 0cm 0pt; text-align: center\" class=\"MsoNormal\"><strong><span style=\"font-size: 11pt; color: #666666; font-family: Arial\"><\/span><\/strong><\/p>\n<p align=\"center\"><span style=\"font-size: 11pt; color: #666666; font-family: Arial\"><u><span style=\"font-size: 18pt; color: red\"><\/span><\/u><\/span><\/p>\n<p align=\"center\"><span style=\"font-size: 11pt; color: #666666; font-family: Arial\"><u><span style=\"font-size: 18pt; color: red\"><\/span><\/u><\/span><\/p>\n<p align=\"center\"><span style=\"font-size: 11pt; color: #666666; font-family: Arial\"><u><span style=\"font-size: 18pt; color: red\"><\/span><\/u><\/span><\/p>\n<p align=\"center\"><span style=\"font-size: 11pt; color: #666666; font-family: Arial\"><u><span style=\"font-size: 18pt; color: red\"><\/span><\/u><\/span><\/p>\n<p align=\"center\"><span style=\"font-size: 11pt; color: #666666; font-family: Arial\"><u><span style=\"font-size: 18pt; color: red\"><font face=\"Times New Roman\"><img decoding=\"async\" src=\"https:\/\/www.armoria.info\/actualizaciones\/wp-content\/uploads\/2008\/11\/fernando-ii.jpg\" alt=\"fernando-ii.jpg\" \/><\/font><\/span><\/u><\/span><\/p>\n<p align=\"center\"><span style=\"font-size: 11pt; color: #666666; font-family: Arial\"><span style=\"font-size: 18pt; color: red\"><em><span style=\"font-size: 9pt; font-family: Arial\"><font color=\"#000000\">Escudo labrado y policromado de Fernando el Cat\u00f3lico, en el palacio de la Alfajerer\u00eda.<\/font><\/span><\/em><\/span><\/span><\/p>\n<p align=\"center\"><span style=\"font-size: 11pt; color: #666666; font-family: Arial\"><span style=\"font-size: 18pt; color: red\"><em><span style=\"font-size: 9pt; font-family: Arial\"><\/span><\/em><\/span><\/span><\/p>\n<p align=\"center\"><span style=\"font-size: 11pt; color: #666666; font-family: Arial\"><u><span style=\"font-size: 18pt; color: red\"><\/span><\/u><\/span><\/p>\n<p align=\"center\"><span style=\"font-size: 11pt; color: #666666; font-family: Arial\"><u><span style=\"font-size: 18pt; color: red\"><\/span><\/u><\/span><\/p>\n<p><span style=\"font-size: 11pt; color: #666666; font-family: Arial\"><u><span style=\"font-size: 18pt; color: red\"><\/span><\/u><\/span><\/p>\n<p><span style=\"font-size: 11pt; color: #666666; font-family: Arial\"><u><span style=\"font-size: 18pt; color: red\"><\/span><\/u><\/span><\/p>\n<p><span style=\"font-size: 11pt; color: #666666; font-family: Arial\"><u><span style=\"font-size: 18pt; color: red\"><\/span><\/u><\/span><\/p>\n<p align=\"center\" style=\"margin: 0cm 0cm 0pt; text-align: center\" class=\"MsoNormal\"><strong><span style=\"font-size: 11pt; color: #666666; font-family: Arial\"><\/span><\/strong><\/p>\n<p align=\"center\" style=\"margin: 0cm 0cm 0pt; text-align: center\" class=\"MsoNormal\"><strong><span style=\"font-size: 11pt; color: #666666; font-family: Arial\"><\/span><\/strong><\/p>\n<p align=\"center\" style=\"margin: 0cm 0cm 0pt; text-align: center\" class=\"MsoNormal\"><strong><span style=\"font-size: 11pt; color: #666666; font-family: Arial\">EL CASCO O YELMO<\/span><\/strong><\/p>\n<p><span style=\"font-size: 11pt; color: #666666; font-family: Arial\">Tambi\u00e9n llamado yelmo. Es uno de los timbres principales del escudo, exclusivo de los blasones familiares por v\u00eda de var\u00f3n. Su longitud, seg\u00fan algunos autores,<span>\u00a0 <\/span>no puede superar los cinco octavos de la altura del escudo, la posici\u00f3n normal es la de estar apoyado sobre el borde superior del escudo y si \u00e9ste est\u00e1 inclinado, debe ponerse sobre el \u00e1ngulo superior m\u00e1s elevado,<span>\u00a0 <\/span>aunque en la pr\u00e1ctica estas normas her\u00e1ldicas en muchos casos no se llevan a cabo.<\/span><span style=\"font-size: 11pt; color: #666666; font-family: Arial\">\u00a0<\/span><\/p>\n<p><strong><span style=\"font-size: 11pt; color: #666666; font-family: Arial\"><em>Clases de casco<\/em><\/span><\/strong><span style=\"font-size: 11pt; color: #666666; font-family: Arial\">\u00a0<\/span><span style=\"font-size: 11pt; color: #666666; font-family: Arial\"> <\/span><\/p>\n<p><span style=\"font-size: 11pt; color: #666666; font-family: Arial\"><\/span><span style=\"font-size: 11pt; color: #666666; font-family: Arial\">En la her\u00e1ldica espa\u00f1ola, el casco puede adoptar formas diferentes y varias, seg\u00fan su categor\u00eda nobiliaria. El de los reyes y emperadores, es de oro trabajado o cincelado, forrado de gules, situado de frente y con la visera abierta, sin rejilla, se diferencian por la corona. El de infante, de oro, forrado de gules, con la visera abierta puesto de frente. El de duque, de plata, claveteado de oro, puesto de frente, forrado de gules con nueve rejillas en la visera. El de marqu\u00e9s, de plata, claveteado de oro, forrado de gules, con siete rejillas en la visera y puesto de frente. El de conde, de plata, claveteado de oro, forrado de gules, terciado hacia el lado diestro, con siete rejillas en la visera. El de vizconde, es igual al de los condes. El de bar\u00f3n, es de plata, claveteado de oro, forrado de gules, perfilado hacia la derecha, con cinco rejillas en la visera.\u00a0<\/span><span style=\"font-size: 11pt; color: #666666; font-family: Arial\">\u00a0<\/span><\/p>\n<p><span style=\"font-size: 11pt; color: #666666; font-family: Arial\"><\/span><span style=\"font-size: 11pt; color: #666666; font-family: Arial\"><span style=\"font-size: 11pt; color: #666666; font-family: Arial\">Todos los cascos mencionados llevan la corona que les corresponde y que les es propia seg\u00fan su rango de nobleza. El de hidalgo, infanz\u00f3n, de acero bru\u00f1ido, puesto de pefil, mirando hacia el lado diestro con la visera levantada, con tres rejillas. El de los bastardos, de hierro o acero, colocado de perfil y siniestrado, con la visera entreabierta, sin rejilla y claveteado de oro. El de los escuderos, donceles y generosos, casco de hierro o de acero, puesto de perfil orientado hacia el lado diestro, con la visera abierta y sin ninguna rejilla.<\/span><\/span><\/p>\n<p align=\"center\"><span style=\"font-size: 11pt; color: #666666; font-family: Arial\"><span style=\"font-size: 11pt; color: #666666; font-family: Arial\"><\/span><\/span><\/p>\n<p align=\"center\"><span style=\"font-size: 11pt; color: #666666; font-family: Arial\"><span style=\"font-size: 11pt; color: #666666; font-family: Arial\">\u00a0<img decoding=\"async\" src=\"https:\/\/www.armoria.info\/actualizaciones\/wp-content\/uploads\/2008\/11\/bolea_y_galloz.jpg\" alt=\"bolea_y_galloz.jpg\" \/><\/span><\/span><\/p>\n<p align=\"center\"><span style=\"font-size: 11pt; color: #666666; font-family: Arial\"><span style=\"font-size: 11pt; color: #666666; font-family: Arial\"><em><span style=\"font-size: 9pt; font-family: Arial\"><font color=\"#000000\">Escudo de armas del linaje aragon\u00e9s de los Bolea y Galloz, con el yelmo\u00a0 y cimera con las armas principales de los Bolea, en un manuscrito aragon\u00e9s.<\/font><\/span><\/em><\/span><\/span><\/p>\n<p align=\"left\"><span style=\"font-size: 11pt; color: #666666; font-family: Arial\"><span style=\"font-size: 11pt; color: #666666; font-family: Arial\">\u00a0<\/span><\/span><span style=\"font-size: 11pt; color: #666666; font-family: Arial\">Quedan excluidos para timbrar con \u00e9l sus armas: el clero, mujeres y los escudos municipales. Generalmente se utiliza un solo casco para timbrar un escudo, pero cuando se compone \u00e9ste de varias armas diferentes, no es incorrecto timbrarlo con varios cascos. <\/span><\/p>\n<p align=\"left\"><span style=\"font-size: 11pt; color: #666666; font-family: Arial\"><\/span><\/p>\n<p align=\"center\"><span style=\"font-size: 11pt; color: #666666; font-family: Arial\">\u00a0<a href=\"https:\/\/www.armoria.info\/actualizaciones\/wp-content\/uploads\/2008\/11\/yelmos-en-un-palacio-aleman.jpg\" title=\"yelmos-en-un-palacio-aleman.jpg\"><img decoding=\"async\" src=\"https:\/\/www.armoria.info\/actualizaciones\/wp-content\/uploads\/2008\/11\/yelmos-en-un-palacio-aleman.jpg\" alt=\"yelmos-en-un-palacio-aleman.jpg\" \/><\/a><\/span><\/p>\n<p align=\"center\"><span style=\"font-size: 11pt; color: #666666; font-family: Arial\"><em><span style=\"font-size: 9pt; font-family: Arial\"><font color=\"#000000\">Escudo en un palacio alem\u00e1n, compuesto de tres yelmos.<\/font><\/span><\/em><\/span><\/p>\n<p align=\"center\"><span style=\"font-size: 11pt; color: #666666; font-family: Arial\"><\/span><\/p>\n<p align=\"left\"><span style=\"font-size: 11pt; color: #666666; font-family: Arial\"><\/span><\/p>\n<p align=\"left\"><span style=\"font-size: 11pt; color: #666666; font-family: Arial\"><\/span><\/p>\n<p align=\"left\"><span style=\"font-size: 11pt; color: #666666; font-family: Arial\"><\/span><\/p>\n<p align=\"left\"><span style=\"font-size: 11pt; color: #666666; font-family: Arial\"><\/span><\/p>\n<p align=\"left\"><span style=\"font-size: 11pt; color: #666666; font-family: Arial\"><\/span><\/p>\n<p align=\"left\"><span style=\"font-size: 11pt; color: #666666; font-family: Arial\">Con la \u00fanica condici\u00f3n de que \u00e9stos luzcan cimera y por ella se establezca la diferencia. En estas composiciones no significa bastard\u00eda el afrontar los cascos para darle un aire m\u00e1s art\u00edstico al escudo. <\/span><\/p>\n<p align=\"left\"><span style=\"font-size: 11pt; color: #666666; font-family: Arial\"><\/span><\/p>\n<p align=\"left\"><span style=\"font-size: 11pt; color: #666666; font-family: Arial\">Las reglas para estos casos son las siguientes: <\/span><\/p>\n<p><\/span><\/p>\n<p style=\"margin: 0cm 0cm 0pt\" class=\"MsoNormal\"><span style=\"font-size: 11pt; color: #666666; font-family: Arial\"><\/span><\/p>\n<p style=\"margin: 0cm 0cm 0pt\" class=\"MsoNormal\"><span style=\"font-size: 11pt; color: #666666; font-family: Arial\">1\u00aa Cuando se timbre un escudo con varios cascos se colocar\u00e1 a la diestra el de las armas principales. <\/span><\/p>\n<p style=\"margin: 0cm 0cm 0pt\" class=\"MsoNormal\"><span style=\"font-size: 11pt; color: #666666; font-family: Arial\">2\u00ba Si el n\u00famero de cascos es impar, se colocar\u00e1 el principal en el centro y los restantes relativos a otros apellidos en los extremos. <\/span><\/p>\n<p style=\"margin: 0cm 0cm 0pt\" class=\"MsoNormal\"><span style=\"font-size: 11pt; color: #666666; font-family: Arial\">3\u00aa Si el n\u00famero fuere pares, se pondr\u00e1 el par paterno a la diestra y a la siniestra los maternos. <\/span><\/p>\n<p style=\"margin: 0cm 0cm 0pt\" class=\"MsoNormal\"><span style=\"font-size: 11pt; color: #666666; font-family: Arial\">4\u00aa Si el n\u00famero fuese impar, el central se coloca de frente y los otros se dividen en dos grupos, poni\u00e9ndolos de perfil y afrontados.<\/span><\/p>\n<p align=\"center\" style=\"margin: 0cm 0cm 0pt\" class=\"MsoNormal\"><span style=\"font-size: 11pt; color: #666666; font-family: Arial\">__________<\/span><\/p>\n<p align=\"center\" style=\"margin: 0cm 0cm 0pt\" class=\"MsoNormal\"><span style=\"font-size: 11pt; color: #666666; font-family: Arial\"><\/span><\/p>\n<p style=\"margin: 0cm 0cm 0pt\" class=\"MsoNormal\"><span style=\"font-size: 11pt; color: #666666; font-family: Arial\"><\/span><\/p>\n<p style=\"margin: 0cm 0cm 0pt\" class=\"MsoNormal\"><span style=\"font-size: 11pt; color: #666666; font-family: Arial\"><\/span><\/p>\n<p style=\"margin: 0cm 0cm 0pt\" class=\"MsoNormal\"><span style=\"font-size: 11pt; color: #666666; font-family: Arial\"><\/span><\/p>\n<p style=\"margin: 0cm 0cm 0pt\" class=\"MsoNormal\"><span style=\"font-size: 11pt; color: #666666; font-family: Arial\"><\/span><\/p>\n<p style=\"margin: 0cm 0cm 0pt\" class=\"MsoNormal\"><span style=\"font-size: 11pt; color: #666666; font-family: Arial\"><\/span><\/p>\n<p style=\"margin: 0cm 0cm 0pt\" class=\"MsoNormal\"><span style=\"font-size: 11pt; color: #666666; font-family: Arial\"><\/span><\/p>\n<p style=\"margin: 0cm 0cm 0pt\" class=\"MsoNormal\"><span style=\"font-size: 11pt; color: #666666; font-family: Arial\"><\/span><\/p>\n<p><span style=\"font-size: 11pt; color: #666666; font-family: Arial\"><\/span><span style=\"font-size: 11pt; color: #666666; font-family: Arial\"><\/span><span style=\"font-size: 11pt; color: #666666; font-family: Arial\"><\/span><span style=\"font-size: 11pt; color: #666666; font-family: Arial\"><\/span><span style=\"font-size: 11pt; color: #666666; font-family: Arial\"><\/span><span style=\"font-size: 11pt; color: #666666; font-family: Arial\"><\/span><span style=\"font-size: 11pt; color: #666666; font-family: Arial\"><\/span><span style=\"font-size: 11pt; color: #666666; font-family: Arial\"><\/span><span style=\"font-size: 11pt; color: #666666; font-family: Arial\"><\/p>\n<p style=\"margin: 0cm 0cm 0pt\" class=\"MsoNormal\"><strong><em><span style=\"font-size: 10pt; font-family: Arial\" lang=\"ES-TRAD\"><\/span><\/em><\/strong><\/p>\n<p style=\"margin: 0cm 0cm 0pt\" class=\"MsoNormal\"><strong><em><span style=\"font-size: 10pt; font-family: Arial\" lang=\"ES-TRAD\"><\/span><\/em><\/strong><\/p>\n<p style=\"margin: 0cm 0cm 0pt\" class=\"MsoNormal\"><strong><em><span style=\"font-size: 10pt; font-family: Arial\" lang=\"ES-TRAD\"><\/span><\/em><\/strong><\/p>\n<p style=\"margin: 0cm 0cm 0pt\" class=\"MsoNormal\"><strong><em><span style=\"font-size: 10pt; font-family: Arial\" lang=\"ES-TRAD\"><font color=\"#000000\">Relaci\u00f3n de escudos fotogr\u00e1ficos:<\/font><\/span><\/em><\/strong><\/p>\n<p style=\"margin: 0cm 0cm 0pt\" class=\"MsoNormal\"><strong><em><span style=\"font-size: 10pt; font-family: Arial\" lang=\"ES-TRAD\"><\/span><\/em><\/strong><strong><em><span style=\"font-size: 10pt; font-family: Arial\" lang=\"ES-TRAD\"><\/span><\/em><\/strong><span style=\"font-size: 10pt; font-family: Arial\" lang=\"ES-TRAD\"><\/span><span style=\"font-size: 10pt; font-family: Arial\" lang=\"ES-TRAD\"><span style=\"font-size: 10pt; font-family: Arial\" lang=\"ES-TRAD\"><font color=\"#000000\">Acevillo, 5. &#8211; Alag\u00f3n, 13. &#8211; Albero, 17. &#8211; Ani\u00e9s, 36. &#8211; Ayerbe, 61. &#8211; Aysa, 62. &#8211; Azc\u00f3n-Sancho, 62. &#8211; Bara, 8. &#8211; Bernab\u00e9, 30. &#8211; Bernu\u00e9s, 30. &#8211; Bielsa, 34. &#8211; Cabrero, 2. &#8211; Calbo, 8. &#8211; Cast\u00e1n, 32. &#8211; Castill\u00f3n, 39. &#8211; Castro, 39. &#8211; Castro-Pin\u00f3s, 39. &#8211; Ciraque, 52. &#8211; Ciria, 52. &#8211; Ena, 2. &#8211; Ferrer, 10. &#8211; Gonz\u00e1lez de Liria, 24. &#8211; Gota, 26. &#8211; Guallart, 33. &#8211; Guiral, 38. &#8211; Lacasas, 3. &#8211; Lacorte, 3. &#8211; Lancis, 7. &#8211; Lastanosa, 12. &#8211; Latorre, 12. &#8211; Li\u00f1an, 17.<span>\u00a0 <\/span>&#8211; Lobo, 21. &#8211; L\u00f3pez de Bailo, 22. &#8211; Mancho, 7. &#8211; Mart\u00edn de Bernab\u00e9, 15. &#8211; Mata, 21. &#8211; Navarro de Arzuriaga, 3. &#8211; Navarro-Dolz, 3. &#8211; Otal, 17. &#8211; Ribera, 13. &#8211; Ric, 14. &#8211; Sancho, 17. &#8211; Valenzuela, 2. &#8211; Valero de Bernab\u00e9, 2. &#8211; Villacampa, 25. &#8211; Yanguas, 1.<\/font><\/span><\/span><\/p>\n<p><\/span><\/p>\n<p style=\"margin: 0cm 0cm 0pt\" class=\"MsoNormal\"><span style=\"font-size: 11pt; color: #666666; font-family: Arial\"><\/span><\/p>\n<p style=\"margin: 0cm 0cm 0pt\" class=\"MsoNormal\"><span style=\"font-size: 11pt; color: #666666; font-family: Arial\"><\/span><\/p>\n<p style=\"margin: 0cm 0cm 0pt\" class=\"MsoNormal\"><span style=\"font-size: 11pt; color: #666666; font-family: Arial\"><\/span><\/p>\n<p style=\"margin: 0cm 0cm 0pt\" class=\"MsoNormal\"><span style=\"font-size: 11pt; color: #666666; font-family: Arial\"><\/span><\/p>\n<p style=\"margin: 0cm 0cm 0pt\" class=\"MsoNormal\"><span style=\"font-size: 11pt; color: #666666; font-family: Arial\"><\/span><\/p>\n<p style=\"margin: 0cm 0cm 0pt\" class=\"MsoNormal\"><span style=\"font-size: 11pt; color: #666666; font-family: Arial\"><\/span><\/p>\n<p style=\"margin: 0cm 0cm 0pt\" class=\"MsoNormal\"><span style=\"font-size: 11pt; color: #666666; font-family: Arial\"><\/span><\/p>\n<p style=\"margin: 0cm 0cm 0pt\" class=\"MsoNormal\"><span style=\"font-size: 11pt; color: #666666; font-family: Arial\"><\/span><\/p>\n<p style=\"margin: 0cm 0cm 0pt\" class=\"MsoNormal\"><span style=\"font-size: 11pt; color: #666666; font-family: Arial\"><\/span><\/p>\n<p style=\"margin: 0cm 0cm 0pt\" class=\"MsoNormal\"><span style=\"font-size: 11pt; color: #666666; font-family: Arial\"><\/span><\/p>\n<p style=\"margin: 0cm 0cm 0pt\" class=\"MsoNormal\"><span style=\"font-size: 11pt; color: #666666; font-family: Arial\">J. Sanz<\/span><\/p>\n<p style=\"margin: 0cm 0cm 0pt\" class=\"MsoNormal\"><span style=\"font-size: 11pt; color: #666666; font-family: Arial\"><\/span><\/p>\n<p style=\"margin: 0cm 0cm 0pt\" class=\"MsoNormal\"><span style=\"font-size: 11pt; color: #666666; font-family: Arial\"><a href=\"http:\/\/www.armoria.info\/\">www.armoria.info<\/a><\/span><\/p>\n<p><span style=\"font-size: 11pt; color: #666666; font-family: Arial\"><a href=\"mailto:librodearmoria@yahoo.es\">librodearmoria@yahoo.es<\/a>\u00a0<\/span><\/p>\n<p align=\"center\"><span style=\"font-size: 11pt; color: #666666; font-family: Arial\">_________________________<\/span><\/p>\n","protected":false},"excerpt":{"rendered":"<p>\u00a0 Labra her\u00e1ldica con el escudo, yelmo y cimera, atribuida a Jaime I el Conquistador en un edificio medieval de la ciudad de Valencia. Actualizaci\u00f3n efectuada el 6 de diciembre dedicada en exclusiva a linajes de Arag\u00f3n, con fotograf\u00edas de escudo de armas de familias aragonesas Escudo labrado y policromado de Fernando el Cat\u00f3lico, en &#8230; <a title=\"El casco o yelmo &#8211; Actualizaci\u00f3n del mes de diciembre de 2008\" class=\"read-more\" href=\"https:\/\/www.armoria.info\/actualizaciones\/el-casco-o-yelmo-actualizacion-del-mes-de-diciembre-de-2008\/\" aria-label=\"Leer m\u00e1s sobre El casco o yelmo &#8211; Actualizaci\u00f3n del mes de diciembre de 2008\">Leer m\u00e1s<\/a><\/p>\n","protected":false},"author":1,"featured_media":0,"comment_status":"open","ping_status":"open","sticky":false,"template":"","format":"standard","meta":[],"categories":[4],"tags":[],"_links":{"self":[{"href":"https:\/\/www.armoria.info\/actualizaciones\/wp-json\/wp\/v2\/posts\/166"}],"collection":[{"href":"https:\/\/www.armoria.info\/actualizaciones\/wp-json\/wp\/v2\/posts"}],"about":[{"href":"https:\/\/www.armoria.info\/actualizaciones\/wp-json\/wp\/v2\/types\/post"}],"author":[{"embeddable":true,"href":"https:\/\/www.armoria.info\/actualizaciones\/wp-json\/wp\/v2\/users\/1"}],"replies":[{"embeddable":true,"href":"https:\/\/www.armoria.info\/actualizaciones\/wp-json\/wp\/v2\/comments?post=166"}],"version-history":[{"count":0,"href":"https:\/\/www.armoria.info\/actualizaciones\/wp-json\/wp\/v2\/posts\/166\/revisions"}],"wp:attachment":[{"href":"https:\/\/www.armoria.info\/actualizaciones\/wp-json\/wp\/v2\/media?parent=166"}],"wp:term":[{"taxonomy":"category","embeddable":true,"href":"https:\/\/www.armoria.info\/actualizaciones\/wp-json\/wp\/v2\/categories?post=166"},{"taxonomy":"post_tag","embeddable":true,"href":"https:\/\/www.armoria.info\/actualizaciones\/wp-json\/wp\/v2\/tags?post=166"}],"curies":[{"name":"wp","href":"https:\/\/api.w.org\/{rel}","templated":true}]}}